{"id":357,"date":"2015-03-06T09:23:30","date_gmt":"2015-03-06T09:23:30","guid":{"rendered":"http:\/\/tapiolary.com\/?p=357"},"modified":"2015-03-06T10:09:45","modified_gmt":"2015-03-06T10:09:45","slug":"ministeri-orpo-vaalikiertueellaan-karkkilassa-kannanhoidollinen-metsastys-oli-oikea-valinta","status":"publish","type":"post","link":"https:\/\/tapiolary.com\/?p=357","title":{"rendered":"Ministeri Orpo vaalikiertueellaan Karkkilassa: \u201dKannanhoidollinen mets\u00e4stys oli oikea valinta\u201d"},"content":{"rendered":"<p align=\"LEFT\"><strong><span style=\"font-size: medium;\"><span style=\"color: #373e4d;\"><span style=\"font-family: Helvetica,Arial,lucida grande,tahoma,verdana,arial,sans-serif;\">Ministeri silti tyytym\u00e4t\u00f6n jahdin kohdentumiseen aikuisiin susiyksil\u00f6ihin.<\/span><\/span> <\/span><\/strong><\/p>\n<p align=\"LEFT\"><span style=\"color: #141823;\"><span style=\"font-family: Helvetica,Arial,lucida grande,tahoma,verdana,arial,sans-serif;\"><span style=\"font-size: small;\">Kev\u00e4\u00e4n 2015 eduskuntavaalit l\u00e4hestyv\u00e4t ja eri puolueiden vaalikiertueet ovat k\u00e4ynniss\u00e4. Luonnonsuojeluyhdistys Tapiola ry oli paikalla Uudellemaalla Karkkilassa Kokoomus kuuntelee -tilaisuudessa ja esitti tiukkoja kysymyksi\u00e4 maa- ja mets\u00e4talousministeri Petteri Orpolle susikannan hoitosuunnitelmasta sek\u00e4 parhaillaan k\u00e4ynniss\u00e4 olevasta kannanhoidollisesta mets\u00e4styksest\u00e4. Ministeri Orpon aikataulu oli kiireinen, mutta h\u00e4n ehti vastata muutamiin keskeisiin kysymyksiin.<\/span><\/span><\/span><\/p>\n<p align=\"LEFT\"><span style=\"color: #141823;\"><span style=\"font-family: Helvetica,Arial,lucida grande,tahoma,verdana,arial,sans-serif;\"><span style=\"font-size: small;\">Kannanhoidollinen mets\u00e4stys aloitettiin noin kaksi viikkoa sitten ja saldona on t\u00e4ll\u00e4 hetkell\u00e4 14 kaadettua yksil\u00f6\u00e4, joista suosituksen mukaisia nuoria yksil\u00f6it\u00e4 vain viisi. <\/span><\/span><\/span><br \/>\n<span style=\"color: #141823;\">&#8211;<\/span><span style=\"color: #141823;\"><span style=\"font-family: Helvetica,Arial,lucida grande,tahoma,verdana,arial,sans-serif;\"><span style=\"font-size: small;\">En voi olla mitenk\u00e4\u00e4n tyytyv\u00e4inen siihen ett\u00e4 varsinaisessa mets\u00e4stystilanteessa jahti ei ole kohdistunut niihin yksil\u00f6ihin mihin oli tarkoitus<\/span><\/span><\/span><\/p>\n<p><span style=\"color: #141823;\"><span style=\"font-family: Helvetica,Arial,lucida grande,tahoma,verdana,arial,sans-serif;\"><span style=\"font-size: small;\">Kaadetuista kolme on vastik\u00e4\u00e4n pannoitettu. Kaadettujen susien pannoituskustannukset Maa- ja mets\u00e4talousministeri\u00f6lle ovat olleet noin 30 000 \u20ac , josta tutkimushy\u00f6ty j\u00e4\u00e4 saamatta koska <a href=\"http:\/\/www.kainuunsanomat.fi\/kuhmolainen\/kuhmo\/juntin-laumasta-kaadetut-sudet-oli-pannoitettu-vastikaan\/\">\u201d vastaan ei juuri muita susia alueella tullutkaan\u201d<\/a>. Kysyimme Orpolta miten kannanhoidollinen mets\u00e4stys on h\u00e4nen mielest\u00e4\u00e4n t\u00e4h\u00e4n asti sujunut. Vastaus oli hyvin selke\u00e4: ministeri ei ole mill\u00e4\u00e4n tavalla tyytyv\u00e4inen tilanteeseen, etenk\u00e4\u00e4n siihen ett\u00e4 mets\u00e4stystilanteessa jahti ei ole kohdistunut niihin yksil\u00f6ihin joihin oli tarkoitus. <\/span><\/span><\/span><\/p>\n<p align=\"LEFT\"><span style=\"color: #141823;\"><span style=\"font-family: Helvetica,Arial,lucida grande,tahoma,verdana,arial,sans-serif;\"><span style=\"font-size: small;\"><a href=\"https:\/\/tapiolary.com\/wp-content\/uploads\/2015\/03\/IMG_7698orpo_1pieni.jpg\"><img loading=\"lazy\" decoding=\"async\" class=\"alignleft size-medium wp-image-358\" src=\"https:\/\/tapiolary.com\/wp-content\/uploads\/2015\/03\/IMG_7698orpo_1pieni-300x231.jpg\" alt=\"IMG_7698orpo_1pieni\" width=\"300\" height=\"231\" srcset=\"https:\/\/tapiolary.com\/wp-content\/uploads\/2015\/03\/IMG_7698orpo_1pieni-300x231.jpg 300w, https:\/\/tapiolary.com\/wp-content\/uploads\/2015\/03\/IMG_7698orpo_1pieni-1024x789.jpg 1024w, https:\/\/tapiolary.com\/wp-content\/uploads\/2015\/03\/IMG_7698orpo_1pieni-194x150.jpg 194w, https:\/\/tapiolary.com\/wp-content\/uploads\/2015\/03\/IMG_7698orpo_1pieni-150x115.jpg 150w, https:\/\/tapiolary.com\/wp-content\/uploads\/2015\/03\/IMG_7698orpo_1pieni.jpg 1200w\" sizes=\"auto, (max-width: 300px) 100vw, 300px\" \/><\/a>Ministeri my\u00f6s totesi ett\u00e4 mik\u00e4li kahden vuoden kannanhoidollinen mets\u00e4styskokeilu ei toimi, tullaan siit\u00e4 luopumaan. Orpo on kuitenkin vakuuttunut siit\u00e4 ett\u00e4 kunhan kannanhoidollinen mets\u00e4stys saadaan sujumaan oikein, on se kest\u00e4v\u00e4 tapa huolehtia susista, kannan koosta ja -terveydest\u00e4 sek\u00e4 ihmisten asenteista susiin.<\/span><\/span><\/span><\/p>\n<p align=\"LEFT\"><span style=\"color: #141823;\"><span style=\"font-family: Helvetica,Arial,lucida grande,tahoma,verdana,arial,sans-serif;\"><span style=\"font-size: small;\">Kannanhoidollisen mets\u00e4styksen kiirehtimiseen on suhtauduttu ymp\u00e4rist\u00f6j\u00e4rjest\u00f6iss\u00e4 kriittisesti, koska suden lis\u00e4\u00e4ntymisaika on parhaillaan k\u00e4ynniss\u00e4 ja se on yksi keskeisimpi\u00e4 suden biologiaan liittyvi\u00e4 seikkoja kest\u00e4v\u00e4n mets\u00e4styksen kannalta. Yhten\u00e4 ep\u00e4ilyn\u00e4 kiireelle on arveltu kev\u00e4\u00e4n l\u00e4hestyvi\u00e4 vaaleja.<\/span><\/span><\/span><\/p>\n<p align=\"LEFT\"><span style=\"color: #141823;\">&#8211;<\/span><span style=\"color: #141823;\"><span style=\"font-family: Helvetica,Arial,lucida grande,tahoma,verdana,arial,sans-serif;\"><span style=\"font-size: small;\">Jos olisi miettinyt vaaleja niin ei olisi varmaan kannattanut tehd\u00e4 mit\u00e4\u00e4n.<\/span><\/span><\/span><\/p>\n<p><span style=\"color: #141823;\"><span style=\"font-family: Helvetica,Arial,lucida grande,tahoma,verdana,arial,sans-serif;\"><span style=\"font-size: small;\">Ministerilt\u00e4 kysyttiin my\u00f6s esitettiink\u00f6 kannanhoidollisen mets\u00e4styksen aloitukselle lainkaan vaihtoehdoksi syksy\u00e4 2015. <\/span><\/span><\/span><span style=\"color: #373e4d;\"><span style=\"font-family: Helvetica,Arial,lucida grande,tahoma,verdana,arial,sans-serif;\"><span style=\"font-size: small;\">Suden mets\u00e4stysajasta on viimeksi s\u00e4\u00e4detty asetuksella, joka on vuodelta 1988. Asetusmuistiossa mainitaan, ett\u00e4 suden mets\u00e4styksen tarkoitus helmi-maaliskuulla oli ehk\u00e4ist\u00e4 rabieksen levi\u00e4minen Neuvostoliitosta (nykyisin Ven\u00e4j\u00e4) Suomeen<\/span><\/span><\/span><span style=\"color: #141823;\"><span style=\"font-family: Helvetica,Arial,lucida grande,tahoma,verdana,arial,sans-serif;\"><span style=\"font-size: small;\"> Orpon mukaan mets\u00e4stysajankohdan muutosta ei esitetty ja valmistelevien virkamiesten mielest\u00e4 tietoa kannanhoidollisen mets\u00e4styksen aloittamiseksi oli olemassa riitt\u00e4v\u00e4sti. <\/span><\/span><\/span><\/p>\n<p><span style=\"color: #141823;\">&#8211;<\/span><span style=\"color: #141823;\"><span style=\"font-family: Helvetica,Arial,lucida grande,tahoma,verdana,arial,sans-serif;\"><span style=\"font-size: small;\">Minusta se on j\u00e4rkytt\u00e4v\u00e4 tilanne ett\u00e4 meill\u00e4 Suomessa on sellainen ilmapiiri ett\u00e4 ihmiset eiv\u00e4t luota yhteiskunnan toimivuuteen.<\/span><\/span><\/span><\/p>\n<p><span style=\"color: #141823;\"><span style=\"font-family: Helvetica,Arial,lucida grande,tahoma,verdana,arial,sans-serif;\"><span style=\"font-size: small;\">Ministeri Orpo suhtautuu salamets\u00e4stykseen tuomitsevasti, vaikkakin l\u00f6yt\u00e4\u00e4 sille selke\u00e4sti ymm\u00e4rryst\u00e4 luottamuspulasta yhteiskunnan toimivuutta kohtaan. Orpo pit\u00e4\u00e4 vallitsevaa tilannetta hallitsemattomana ja suden kannalta t\u00e4ysin kest\u00e4m\u00e4tt\u00f6m\u00e4n\u00e4. Ministeri\u00f6n vastaus tilanteeseen oli ottaa kannanhoidollinen mets\u00e4stys hallitusti k\u00e4ytt\u00f6\u00f6n<\/span><\/span><\/span><\/p>\n<p align=\"LEFT\"><span style=\"color: #141823;\"><span style=\"font-family: Helvetica,Arial,lucida grande,tahoma,verdana,arial,sans-serif;\"><span style=\"font-size: small;\">&#8211; T\u00e4m\u00e4 oli oikea valinta. Ministeri toteaa.<\/span><\/span><\/span><\/p>\n<p align=\"LEFT\">\n","protected":false},"excerpt":{"rendered":"<p>Ministeri silti tyytym\u00e4t\u00f6n jahdin kohdentumiseen aikuisiin susiyksil\u00f6ihin. Kev\u00e4\u00e4n 2015 eduskuntavaalit l\u00e4hestyv\u00e4t ja eri puolueiden vaalikiertueet ovat k\u00e4ynniss\u00e4. Luonnonsuojeluyhdistys Tapiola ry oli paikalla Uudellemaalla Karkkilassa Kokoomus kuuntelee -tilaisuudessa ja esitti tiukkoja kysymyksi\u00e4 maa- ja mets\u00e4talousministeri Petteri Orpolle susikannan hoitosuunnitelmasta sek\u00e4 parhaillaan k\u00e4ynniss\u00e4 olevasta kannanhoidollisesta mets\u00e4styksest\u00e4. Ministeri Orpon aikataulu oli kiireinen, mutta h\u00e4n ehti vastata muutamiin keskeisiin [&hellip;]<\/p>\n","protected":false},"author":4,"featured_media":53,"comment_status":"closed","ping_status":"open","sticky":false,"template":"","format":"standard","meta":{"ngg_post_thumbnail":0,"footnotes":""},"categories":[16],"tags":[27,25,26],"class_list":["post-357","post","type-post","status-publish","format-standard","has-post-thumbnail","hentry","category-ajankohtaista","tag-kannanhoidollinen-metsastys","tag-petteri-orpo","tag-susi-2"],"_links":{"self":[{"href":"https:\/\/tapiolary.com\/index.php?rest_route=\/wp\/v2\/posts\/357","targetHints":{"allow":["GET"]}}],"collection":[{"href":"https:\/\/tapiolary.com\/index.php?rest_route=\/wp\/v2\/posts"}],"about":[{"href":"https:\/\/tapiolary.com\/index.php?rest_route=\/wp\/v2\/types\/post"}],"author":[{"embeddable":true,"href":"https:\/\/tapiolary.com\/index.php?rest_route=\/wp\/v2\/users\/4"}],"replies":[{"embeddable":true,"href":"https:\/\/tapiolary.com\/index.php?rest_route=%2Fwp%2Fv2%2Fcomments&post=357"}],"version-history":[{"count":15,"href":"https:\/\/tapiolary.com\/index.php?rest_route=\/wp\/v2\/posts\/357\/revisions"}],"predecessor-version":[{"id":377,"href":"https:\/\/tapiolary.com\/index.php?rest_route=\/wp\/v2\/posts\/357\/revisions\/377"}],"wp:featuredmedia":[{"embeddable":true,"href":"https:\/\/tapiolary.com\/index.php?rest_route=\/wp\/v2\/media\/53"}],"wp:attachment":[{"href":"https:\/\/tapiolary.com\/index.php?rest_route=%2Fwp%2Fv2%2Fmedia&parent=357"}],"wp:term":[{"taxonomy":"category","embeddable":true,"href":"https:\/\/tapiolary.com\/index.php?rest_route=%2Fwp%2Fv2%2Fcategories&post=357"},{"taxonomy":"post_tag","embeddable":true,"href":"https:\/\/tapiolary.com\/index.php?rest_route=%2Fwp%2Fv2%2Ftags&post=357"}],"curies":[{"name":"wp","href":"https:\/\/api.w.org\/{rel}","templated":true}]}}