{"id":2688,"date":"2019-03-12T12:55:00","date_gmt":"2019-03-12T12:55:00","guid":{"rendered":"http:\/\/tapiolary.com\/?p=2688"},"modified":"2019-03-12T12:55:00","modified_gmt":"2019-03-12T12:55:00","slug":"valioluokan-saavutuksia","status":"publish","type":"post","link":"https:\/\/tapiolary.com\/?p=2688","title":{"rendered":"Valioluokan saavutuksia"},"content":{"rendered":"<p><a href=\"https:\/\/tapiolary.com\/wp-content\/uploads\/2019\/02\/screenshot.20-02-2019-21.34.13.jpg\"><img loading=\"lazy\" decoding=\"async\" class=\"alignleft size-medium wp-image-2664\" src=\"https:\/\/tapiolary.com\/wp-content\/uploads\/2019\/02\/screenshot.20-02-2019-21.34.13-300x198.jpg\" alt=\"\" width=\"300\" height=\"198\" srcset=\"https:\/\/tapiolary.com\/wp-content\/uploads\/2019\/02\/screenshot.20-02-2019-21.34.13-300x198.jpg 300w, https:\/\/tapiolary.com\/wp-content\/uploads\/2019\/02\/screenshot.20-02-2019-21.34.13.jpg 509w\" sizes=\"auto, (max-width: 300px) 100vw, 300px\" \/><\/a>Eduskunnan <a href=\"https:\/\/www.eduskunta.fi\/FI\/lakiensaataminen\/valiokunnat\/maa-ja-mets\u00e4talousvaliokunta\/Sivut\/default.aspx\">maa- ja mets\u00e4talousvaliokunta<\/a> on r\u00e4mpinyt eteenp\u00e4in <a href=\"https:\/\/www.eduskunta.fi\/FI\/kansanedustajat\/Sivut\/953.aspx\">Anne Kalmarin<\/a> (kesk) johdolla 9.5.2017 alkaen, kun aiempi puheenjohtaja <a href=\"https:\/\/www.eduskunta.fi\/FI\/kansanedustajat\/Sivut\/582.aspx\">Jari Lepp\u00e4<\/a> (kesk) siirtyi maa- ja mets\u00e4talousministeriksi ministeripallien uusjaossa. Yhdistetty\u00e4 ymp\u00e4rist\u00f6ministerin- maa- ja mets\u00e4talousministerin toimea hallinnoi tuolloin yksin <a href=\"https:\/\/www.eduskunta.fi\/FI\/kansanedustajat\/Sivut\/790.aspx\">Kimmo Tiilikainen<\/a> (kesk). Lep\u00e4n johdolla valiokunta pysytteli viel\u00e4 sik\u00e4li osaamisensa keski\u00f6ss\u00e4, eli maataloudessa, k\u00e4sitellen mm. susiasiaa toimikautenaan ainoastaan kaksi kertaa. Ensimm\u00e4inen asia oli &#8221;<em>Hallituksen esitys eduskunnalle laeiksi vieraslajeista aiheutuvien riskien hallinnasta sek\u00e4 luonnonsuojelulain ja mets\u00e4styslain muuttamisesta<\/em>&#8221; ja valiokunta antoi siit\u00e4 mietinn\u00f6n. Toisen kerran susiasiaa k\u00e4siteltiin Lep\u00e4n johdolla 14.3.2017, jolloin valiokunnan p\u00f6yd\u00e4lle tuotiin kaksi toimenpidealoitetta. N\u00e4m\u00e4 on merkitty valiokunnan <a href=\"https:\/\/www.eduskunta.fi\/FI\/search\/Sivut\/advanced.aspx\">p\u00f6yt\u00e4kirjoihin<\/a>, ja ne l\u00f6ytyv\u00e4t valtiop\u00e4iv\u00e4asiakirjoista.&nbsp;<\/p>\n<p>Todellinen &#8221;susivaliokunta&#8221; maa- ja mets\u00e4talousvaliokunnasta tuli vasta puheenjohtajan vaihtuessa. Anne Kalmarin luotsatessa valiokuntaa, on yhten\u00e4 asiakokonaisuutena ollut &#8221;susi&#8221; yhteens\u00e4 17 kertaa. Valiokunnan p\u00f6yt\u00e4kirjat l\u00f6ytyv\u00e4t tietokannasta vuodesta 2005 alkaen, joten kyseess\u00e4 on uusi enn\u00e4tys &#8211; Paljon Onnea! Kaikkiaan susi on ollut maa- ja mets\u00e4talousvaliokunnan p\u00f6yd\u00e4ll\u00e4 yhteens\u00e4 24 kertaa, joten Kalmarin kauden osuus t\u00e4st\u00e4 on yli 70% . Eduskuntavaalien osuessa huhtikuulle Kalmarin puheenjohtajuuskausi j\u00e4\u00e4 alle kahteen vuoteen, joten saavutusta voi pit\u00e4\u00e4 melkoisena! T\u00e4ss\u00e4 on jo todella n\u00e4hty vaivaa suden p\u00e4\u00e4n menoksi.<\/p>\n<p>Valiokunta on k\u00e4sitellyt sutta &#8221;omana asianaan&#8221; mm. sudenhoitosuunnitelman kylki\u00e4isen\u00e4. Valiokunta voi toki k\u00e4sitell\u00e4 parhaaksi katsomiaan asioita, mutta samanaikaisesti sudenhoitosuunnitelman p\u00e4ivitysprosessia hoitaa <a href=\"https:\/\/mmm.fi\/artikkeli\/-\/asset_publisher\/sudenhoitosuunnitelman-paivitystyo-alkoi-ydinkysymysten-kartoittamisella\">maa- ja mets\u00e4alousministeri\u00f6<\/a>, jonka toimialaan teht\u00e4v\u00e4 kuuluu. Valiokunnan ovet lienev\u00e4t k\u00e4yneen tiuhaan tahtiin, sill\u00e4 sudenhoitosuunnielman oheisp\u00e4ivitysprosessin aikana siell\u00e4 on laukannut jos jonkinlaista &#8221;asiantuntijaa&#8221;. Osa tietysti aivan oikeita asiantuntijoita Luonnonvarakeskuksesta ja yliopistoilta, mutta osalla asiansa tuntemuksessa on tukenaan vain mielipide. Muutama esimerkki n\u00e4ist\u00e4 mielipiteist\u00e4.<\/p>\n<figure id=\"attachment_2689\" aria-describedby=\"caption-attachment-2689\" style=\"width: 300px\" class=\"wp-caption alignleft\"><a href=\"https:\/\/tapiolary.com\/wp-content\/uploads\/2019\/03\/screenshot.25-02-2019-14.35.30.jpg\"><img loading=\"lazy\" decoding=\"async\" class=\"wp-image-2689 size-medium\" src=\"https:\/\/tapiolary.com\/wp-content\/uploads\/2019\/03\/screenshot.25-02-2019-14.35.30-300x300.jpg\" alt=\"\" width=\"300\" height=\"300\" srcset=\"https:\/\/tapiolary.com\/wp-content\/uploads\/2019\/03\/screenshot.25-02-2019-14.35.30-300x300.jpg 300w, https:\/\/tapiolary.com\/wp-content\/uploads\/2019\/03\/screenshot.25-02-2019-14.35.30-150x150.jpg 150w, https:\/\/tapiolary.com\/wp-content\/uploads\/2019\/03\/screenshot.25-02-2019-14.35.30.jpg 495w\" sizes=\"auto, (max-width: 300px) 100vw, 300px\" \/><\/a><figcaption id=\"caption-attachment-2689\" class=\"wp-caption-text\">IT-asiantuntija Lestij\u00e4rvelt\u00e4 valiokunnan kuultavana 26.10.2018. Kuva: Facebook, Suurpeto Politiikka.<\/figcaption><\/figure>\n<figure id=\"attachment_2690\" aria-describedby=\"caption-attachment-2690\" style=\"width: 268px\" class=\"wp-caption alignleft\"><a href=\"https:\/\/tapiolary.com\/wp-content\/uploads\/2019\/03\/screenshot.11-03-2019-16.27.10.jpg\"><img loading=\"lazy\" decoding=\"async\" class=\"wp-image-2690 size-medium\" src=\"https:\/\/tapiolary.com\/wp-content\/uploads\/2019\/03\/screenshot.11-03-2019-16.27.10-268x300.jpg\" alt=\"\" width=\"268\" height=\"300\" srcset=\"https:\/\/tapiolary.com\/wp-content\/uploads\/2019\/03\/screenshot.11-03-2019-16.27.10-268x300.jpg 268w, https:\/\/tapiolary.com\/wp-content\/uploads\/2019\/03\/screenshot.11-03-2019-16.27.10.jpg 505w\" sizes=\"auto, (max-width: 268px) 100vw, 268px\" \/><\/a><figcaption id=\"caption-attachment-2690\" class=\"wp-caption-text\">Koirakerhon puheenjohtaja. Valiokunnan kuultavana 9.10.2018 . Kuva: Facebook, Suurpeto Politiikka.<\/figcaption><\/figure>\n<figure id=\"attachment_2691\" aria-describedby=\"caption-attachment-2691\" style=\"width: 273px\" class=\"wp-caption alignleft\"><a href=\"https:\/\/tapiolary.com\/wp-content\/uploads\/2019\/03\/screenshot.11-03-2019-16.28.24.jpg\"><img loading=\"lazy\" decoding=\"async\" class=\"wp-image-2691 size-medium\" src=\"https:\/\/tapiolary.com\/wp-content\/uploads\/2019\/03\/screenshot.11-03-2019-16.28.24-273x300.jpg\" alt=\"\" width=\"273\" height=\"300\" srcset=\"https:\/\/tapiolary.com\/wp-content\/uploads\/2019\/03\/screenshot.11-03-2019-16.28.24-273x300.jpg 273w, https:\/\/tapiolary.com\/wp-content\/uploads\/2019\/03\/screenshot.11-03-2019-16.28.24.jpg 503w\" sizes=\"auto, (max-width: 273px) 100vw, 273px\" \/><\/a><figcaption id=\"caption-attachment-2691\" class=\"wp-caption-text\">Toimittaja, valiokunnan kuultavana 13.2.2019 ja 22.1.2019. Kuva: Facebook, Suurpeto Politiikka.<\/figcaption><\/figure>\n<p>&nbsp;<\/p>\n<p>&nbsp;<\/p>\n<p>&nbsp;<\/p>\n<p>&nbsp;<\/p>\n<p>&nbsp;<\/p>\n<p>&nbsp;<\/p>\n<p>&nbsp;<\/p>\n<p>&nbsp;<\/p>\n<p>&nbsp;<\/p>\n<p>&nbsp;<\/p>\n<p>&nbsp;<\/p>\n<figure id=\"attachment_2693\" aria-describedby=\"caption-attachment-2693\" style=\"width: 300px\" class=\"wp-caption alignleft\"><a href=\"https:\/\/tapiolary.com\/wp-content\/uploads\/2019\/03\/screenshot.12-03-2019-11.16.49.jpg\"><img loading=\"lazy\" decoding=\"async\" class=\"wp-image-2693 size-medium\" src=\"https:\/\/tapiolary.com\/wp-content\/uploads\/2019\/03\/screenshot.12-03-2019-11.16.49-300x173.jpg\" alt=\"\" width=\"300\" height=\"173\" srcset=\"https:\/\/tapiolary.com\/wp-content\/uploads\/2019\/03\/screenshot.12-03-2019-11.16.49-300x173.jpg 300w, https:\/\/tapiolary.com\/wp-content\/uploads\/2019\/03\/screenshot.12-03-2019-11.16.49-768x442.jpg 768w, https:\/\/tapiolary.com\/wp-content\/uploads\/2019\/03\/screenshot.12-03-2019-11.16.49.jpg 786w\" sizes=\"auto, (max-width: 300px) 100vw, 300px\" \/><\/a><figcaption id=\"caption-attachment-2693\" class=\"wp-caption-text\">Salapoliisi. Valiokunnan kuultavana 13.2.2019. YLE: https:\/\/yle.fi\/uutiset\/3-9932440.<\/figcaption><\/figure>\n<p>&nbsp;<\/p>\n<p>&nbsp;<\/p>\n<p>&nbsp;<\/p>\n<p>&nbsp;<\/p>\n<p>&nbsp;<\/p>\n<p>&nbsp;<\/p>\n<p>&nbsp;<\/p>\n<p>&nbsp;<\/p>\n<p>&nbsp;<\/p>\n<p>Valiokunnan faktantarkistuskyky on ollut ilmi\u00f6m\u00e4isen heikko, eik\u00e4 v\u00e4hiten ehk\u00e4 &#8221;asiantuntijakaartin&#8221; vuoksi. Eilen, 11.3. eduskunnan t\u00e4ysistunnossa kansanedustaja <a href=\"https:\/\/www.eduskunta.fi\/FI\/kansanedustajat\/Sivut\/1119.aspx\">Hongisto<\/a> sanoi&nbsp;<a href=\"https:\/\/www.eduskunta.fi\/FI\/vaski\/PoytakirjaAsiakohta\/Sivut\/PTK_174+2018+3.aspx?fbclid=IwAR1Qbm9nMQa7B3GZkKhLHEaqpF-3oRFUuquVb9nzEd2ozhBtBHiN8qaBe5Q\">HE 286\/2018 vp<\/a> k\u00e4sittelyss\u00e4 sakaalin (<em>Canis aureus<\/em>) olevan Virossa vieraslaji. Edustajat Wallin ja Eestil\u00e4 olivat Hongiston kanssa samoilla linjoilla. Asiasta uutisoi valiokunnan tiedotuksen pohjalta my\u00f6s <a href=\"https:\/\/www.maaseuduntulevaisuus.fi\/era\/artikkeli-1.390717?fbclid=IwAR1An3iGnxc0RdkjziHDpwlRPW23TnLOziT0-yqIn93rYjlyi58onjaxR5I\">Maaseudun Tulevaisuus<\/a>. Tapiolan blogissa asia nousi jo esiin viime lauantaina, mutta asia sai eilen vahvistuksen <a href=\"https:\/\/www.keskkonnaamet.ee\/et\">Viron ymp\u00e4rist\u00f6hallinnosta<\/a>. <strong>Kultasakaali EI OLE Virossa <a href=\"https:\/\/www.riigiteataja.ee\/akt\/12828512\">vieraslaji<\/a>,<\/strong> vaan <a href=\"https:\/\/www.riigiteataja.ee\/akt\/115082017008\">mets\u00e4stett\u00e4v\u00e4\u00e4 pienriistaa<\/a>. Sik\u00e4likin, kun edustaja Hongisto on siviiliammatiltaan poliisi, voisi kuvitella kyseisess\u00e4 ty\u00f6ss\u00e4 tarvitavan jonkinlaista kyky\u00e4 selvitt\u00e4\u00e4 ja todentaa esitt\u00e4m\u00e4ns\u00e4 asiat. Mieluiten siten kuin ne tosiasiallisesti ovat, eik\u00e4 nojata ep\u00e4m\u00e4\u00e4r\u00e4isiin kuvitelmiin, huhuun ja arkkiveisuun.<\/p>\n<p>Sakaalia edelt\u00e4v\u00e4 kummallisuus valiokunnan <a href=\"https:\/\/www.eduskunta.fi\/FI\/vaski\/Mietinto\/Sivut\/MmVM_26+2018.aspx\">mietinn\u00f6ss\u00e4<\/a> koski riistavahinkolain muutoksesta t\u00e4ysin irrallista susikannanottoa, jossa valiokunta keskittyi koiran ja suden risteymiin ja suden siirt\u00e4miseen poronhoitoalueen ulkopuolella luontodirektiivin liitteest\u00e4 IV liitteeseen V. Valiokunta otti kantaa mys suden uhanalaisuuteen: &#8221;<em>Valiokunta kiinnitt\u00e4\u00e4 huomiota siihen, ett\u00e4 Suomen sudet kuuluvat alalajiin Canis lupus lupus, jonka euraasialaiseen levinneisyysalueeseen kuuluu kymmeni\u00e4 tuhansia yksil\u00f6it\u00e4. T\u00e4m\u00e4 laaja populaatio ei ole uhanalainen<\/em>.&#8221; Ymp\u00e4rist\u00f6ministeri\u00f6 julkisti 8.3.2019 uuden Suomen lajien uhanalaisuusluokituksen. <a href=\"https:\/\/helda.helsinki.fi\/handle\/10138\/299501\">Punaisen kirjan<\/a> (ei se Maon kirja, vaan ymp\u00e4rist\u00f6ministeri\u00f6n julkaisu) mukaan: &#8221;<em>Uhanalaisuusarvioinnin kohteena ovat <strong>Suomessa<\/strong> luonnonvaraisina ja luontaisella levinneisyysalueellaan el\u00e4v\u00e4t lajit<\/em>.&#8221; T\u00e4m\u00e4 kerrotaan johdanto-osiossa sivulla 11, joten sen pidemm\u00e4lle ei laiskankaan tarvitse lukea. Uhanalaisuusarviota ei siis kansallisessa selvityksess\u00e4 tehd\u00e4 Ven\u00e4j\u00e4n, Pohjois-Amerikan tai mink\u00e4\u00e4n muunkaan toisen valtion tai toisen maanosan el\u00e4imist\u00e4. Uudessa luokituksessa susi on edelleen eritt\u00e4in uhanalainen (EN), Suomessa.<\/p>\n<figure id=\"attachment_2681\" aria-describedby=\"caption-attachment-2681\" style=\"width: 300px\" class=\"wp-caption alignleft\"><a href=\"https:\/\/tapiolary.com\/wp-content\/uploads\/2019\/03\/screenshot.09-03-2019-16.40.41.jpg\"><img loading=\"lazy\" decoding=\"async\" class=\"size-medium wp-image-2681\" src=\"https:\/\/tapiolary.com\/wp-content\/uploads\/2019\/03\/screenshot.09-03-2019-16.40.41-300x192.jpg\" alt=\"\" width=\"300\" height=\"192\" srcset=\"https:\/\/tapiolary.com\/wp-content\/uploads\/2019\/03\/screenshot.09-03-2019-16.40.41-300x192.jpg 300w, https:\/\/tapiolary.com\/wp-content\/uploads\/2019\/03\/screenshot.09-03-2019-16.40.41-768x490.jpg 768w, https:\/\/tapiolary.com\/wp-content\/uploads\/2019\/03\/screenshot.09-03-2019-16.40.41.jpg 869w\" sizes=\"auto, (max-width: 300px) 100vw, 300px\" \/><\/a><figcaption id=\"caption-attachment-2681\" class=\"wp-caption-text\">Kultasakaali, golden jackal, Canis aureus. Kuva: Tunturisusi (Creative commons).<\/figcaption><\/figure>\n<p>Edellisest\u00e4 mietinn\u00f6st\u00e4\u00e4n valiokunta teki kahta poikkeusta lukuun ottamatta poliittisen <a href=\"https:\/\/tapiolary.com\/?p=2659\">manifestinsa<\/a>. Uusin mietint\u00f6 maalaa kauhukuvan el\u00e4imest\u00e4, joka ei ole viel\u00e4 edes jalallaan astunut Suomeen ja sille on tehty jo valmiiksi tapposuunnitelma. Toisin sanoen, ennen kuin sakaalin h\u00e4nt\u00e4k\u00e4\u00e4n on vilahtanut Suomen rajojen sis\u00e4ll\u00e4, meill\u00e4 jo mietit\u00e4\u00e4n miten siit\u00e4 p\u00e4\u00e4st\u00e4\u00e4n eroon. &#8221;<em>Meill\u00e4 suomalaisilla on aivan erityinen luontosuhde<\/em>&#8221;.<\/p>\n<p>Jos Suomen luonto olisi staattinen, el\u00e4isimme heti j\u00e4\u00e4kauden j\u00e4lkeisess\u00e4 ajassa, jossa &#8221;maa oli autio ja tyhj\u00e4.&#8221; Lajien levi\u00e4minen uusille asuinaluieille on niiden luontainen ominaisuus ja yksi edellytys niiden s\u00e4ilymiselle. Maantieteelliset esteet, kuten valtameret ja vuoristot rajoittavat levi\u00e4mist\u00e4. T\u00e4m\u00e4 ei ole nyt vihje valiokunnalle! Ei ole tarvetta s\u00e4\u00e4t\u00e4\u00e4 gomodonvaraania, leijonaa, tiikeri\u00e4, norsua tai mit\u00e4\u00e4n muutakaan eksoottista el\u00e4int\u00e4 vieraslajilistalle. Ne eiv\u00e4t ole tulossa Suomeen.<\/p>\n<p>Edustaja Hongiston mukaan <a href=\"https:\/\/www.is.fi\/kotimaa\/art-2000006030766.html?ref=rss&amp;fbclid=IwAR3YwFOsX_7j35QOHf43apiVSBjpU4Hx048BDDm-a5nxDW1G8XRt8ficfPE\">sakaali risteytyy<\/a>&nbsp;l\u00e4hes kaiken mahdollisen kanssa, mutta mit\u00e4\u00e4n t\u00e4m\u00e4n v\u00e4itteen tueksi ei esitet\u00e4. Sakaali ja kettu erosivat evolutiivisesti yhteisest\u00e4 esi-is\u00e4st\u00e4\u00e4n jo niin varhain, etteiv\u00e4t ne pysty saamaan j\u00e4lkel\u00e4isi\u00e4 kesken\u00e4\u00e4n. Vaikka ihminen ja simpanssi ovat <a href=\"https:\/\/www.tiede.fi\/artikkeli\/jutut\/artikkelit\/ihmisen_juuria_etsitaan_simpanssin_perimasta\">geneettisesti hyvin l\u00e4hell\u00e4<\/a> toisiaan, eiv\u00e4t n\u00e4m\u00e4k\u00e4\u00e4n kaksi lajia pysty lis\u00e4\u00e4ntym\u00e4\u00e4n kesken\u00e4\u00e4n.<\/p>\n<p>Valiokunnan vaalivankkureita vet\u00e4v\u00e4t kilpaa susi ja sakaali. Vauhti tuntuu olevan sen verran kova, etteiv\u00e4t j\u00e4senet itsek\u00e4\u00e4n en\u00e4\u00e4 tied\u00e4 kumpaa pit\u00e4\u00e4 enemm\u00e4n pel\u00e4t\u00e4. Onhan t\u00e4ss\u00e4 en\u00e4\u00e4 noin kuukausi ennen vaalihumalan vaihtumista vaalikrapulaksi.<\/p>\n<p>&nbsp;<\/p>\n","protected":false},"excerpt":{"rendered":"<p>Eduskunnan maa- ja mets\u00e4talousvaliokunta on r\u00e4mpinyt eteenp\u00e4in Anne Kalmarin (kesk) johdolla 9.5.2017 alkaen, kun aiempi puheenjohtaja Jari Lepp\u00e4 (kesk) siirtyi maa- ja mets\u00e4talousministeriksi ministeripallien uusjaossa. Yhdistetty\u00e4 ymp\u00e4rist\u00f6ministerin- maa- ja mets\u00e4talousministerin toimea hallinnoi tuolloin yksin Kimmo Tiilikainen (kesk). Lep\u00e4n johdolla valiokunta pysytteli viel\u00e4 sik\u00e4li osaamisensa keski\u00f6ss\u00e4, eli maataloudessa, k\u00e4sitellen mm. susiasiaa toimikautenaan ainoastaan kaksi kertaa. Ensimm\u00e4inen [&hellip;]<\/p>\n","protected":false},"author":2,"featured_media":2664,"comment_status":"closed","ping_status":"open","sticky":false,"template":"","format":"standard","meta":{"ngg_post_thumbnail":0,"footnotes":""},"categories":[16,8,29,3,75],"tags":[233,121,45,212,209,225,232,26],"class_list":["post-2688","post","type-post","status-publish","format-standard","has-post-thumbnail","hentry","category-ajankohtaista","category-juridiikka","category-lehdistossa","category-susi","category-tutkimus","tag-asiantuntija","tag-hybridi","tag-koirasusi","tag-maa-ja-metsatalousvaliokunta","tag-saadosvalmistelu","tag-sakaali","tag-sudenhoitosuunnitelma","tag-susi-2"],"_links":{"self":[{"href":"https:\/\/tapiolary.com\/index.php?rest_route=\/wp\/v2\/posts\/2688","targetHints":{"allow":["GET"]}}],"collection":[{"href":"https:\/\/tapiolary.com\/index.php?rest_route=\/wp\/v2\/posts"}],"about":[{"href":"https:\/\/tapiolary.com\/index.php?rest_route=\/wp\/v2\/types\/post"}],"author":[{"embeddable":true,"href":"https:\/\/tapiolary.com\/index.php?rest_route=\/wp\/v2\/users\/2"}],"replies":[{"embeddable":true,"href":"https:\/\/tapiolary.com\/index.php?rest_route=%2Fwp%2Fv2%2Fcomments&post=2688"}],"version-history":[{"count":4,"href":"https:\/\/tapiolary.com\/index.php?rest_route=\/wp\/v2\/posts\/2688\/revisions"}],"predecessor-version":[{"id":2699,"href":"https:\/\/tapiolary.com\/index.php?rest_route=\/wp\/v2\/posts\/2688\/revisions\/2699"}],"wp:featuredmedia":[{"embeddable":true,"href":"https:\/\/tapiolary.com\/index.php?rest_route=\/wp\/v2\/media\/2664"}],"wp:attachment":[{"href":"https:\/\/tapiolary.com\/index.php?rest_route=%2Fwp%2Fv2%2Fmedia&parent=2688"}],"wp:term":[{"taxonomy":"category","embeddable":true,"href":"https:\/\/tapiolary.com\/index.php?rest_route=%2Fwp%2Fv2%2Fcategories&post=2688"},{"taxonomy":"post_tag","embeddable":true,"href":"https:\/\/tapiolary.com\/index.php?rest_route=%2Fwp%2Fv2%2Ftags&post=2688"}],"curies":[{"name":"wp","href":"https:\/\/api.w.org\/{rel}","templated":true}]}}