{"id":2406,"date":"2018-08-12T12:44:29","date_gmt":"2018-08-12T12:44:29","guid":{"rendered":"http:\/\/tapiolary.com\/?p=2406"},"modified":"2018-08-12T13:51:00","modified_gmt":"2018-08-12T13:51:00","slug":"sudenhoitosuunnitelman-kolmas-tuleminen","status":"publish","type":"post","link":"https:\/\/tapiolary.com\/?p=2406","title":{"rendered":"Sudenhoitosuunnitelman kolmas tuleminen"},"content":{"rendered":"<p><a href=\"https:\/\/tapiolary.com\/wp-content\/uploads\/2016\/05\/screenshot.27-05-2016-14.51.39.jpg\"><img loading=\"lazy\" decoding=\"async\" class=\"alignleft size-medium wp-image-1199\" src=\"https:\/\/tapiolary.com\/wp-content\/uploads\/2016\/05\/screenshot.27-05-2016-14.51.39-300x179.jpg\" alt=\"\" width=\"300\" height=\"179\" srcset=\"https:\/\/tapiolary.com\/wp-content\/uploads\/2016\/05\/screenshot.27-05-2016-14.51.39-300x179.jpg 300w, https:\/\/tapiolary.com\/wp-content\/uploads\/2016\/05\/screenshot.27-05-2016-14.51.39-768x458.jpg 768w, https:\/\/tapiolary.com\/wp-content\/uploads\/2016\/05\/screenshot.27-05-2016-14.51.39-1024x611.jpg 1024w, https:\/\/tapiolary.com\/wp-content\/uploads\/2016\/05\/screenshot.27-05-2016-14.51.39.jpg 1096w\" sizes=\"auto, (max-width: 300px) 100vw, 300px\" \/><\/a>Maa- ja mets\u00e4talousministeri\u00f6 antoi kes\u00e4n korvalla, 6.6.2018 <a href=\"https:\/\/valtioneuvosto.fi\/artikkeli\/-\/asset_publisher\/1410837\/susikanta-vahvistunut-erityisesti-lansi-suomessa-hoitosuunnitelma-paivitetaan\">tiedotteen<\/a>, jonka mukaan sudenhoitosuunnitelmaa p\u00e4ivitet\u00e4\u00e4n toimenpideosion osalta. T\u00e4m\u00e4 painotus mainitaan ministeri Lep\u00e4n antamassa vastauksessa <a href=\"https:\/\/www.eduskunta.fi\/FI\/vaski\/Kysymys\/Documents\/KKV_44+2018.pdf\">(KKV 44\/2018)<\/a> kansanedustaja Olavi Ala-Nissil\u00e4n kirjalliseen <a href=\"https:\/\/www.eduskunta.fi\/FI\/vaski\/Kysymys\/Sivut\/KK_44+2018.aspx\">kysymykseen<\/a>. Kannanhoitosuunnitelman&nbsp;ohjaus- ja valmisteluryhmiin kutsutaan laajasti mukaan eri sidosryhmien edustajia. Ty\u00f6n on m\u00e4\u00e4r\u00e4 valmistua kev\u00e4\u00e4ll\u00e4 2019.<\/p>\n<p>Ensimm\u00e4inen kannanhoitosuunnitelma valmistui 2005. Suunnitelmaty\u00f6n vaikuttimena toimi EU:n komission alkuunpanema rikkomusmenettely, jossa Suomen valtio joutui vastaamaan k\u00e4yt\u00e4nt\u00f6ihins\u00e4 suden mets\u00e4styksest\u00e4. Tuomio tuli 14.6.2007. Tuomio annettiin lopulta vain siit\u00e4, ett\u00e4 mets\u00e4styst\u00e4 k\u00e4ytettiin enaltaehk\u00e4isev\u00e4n\u00e4 menetelm\u00e4n\u00e4 petovahinkojen est\u00e4miseksi. Kirjelm\u00e4ss\u00e4\u00e4n 2.11.2007 maa- ja mets\u00e4talousministeri\u00f6 selitt\u00e4\u00e4 asiaa komissiolle seuraavasti: &#8221;<em>Rajatuilla laitumella el\u00e4vi\u00e4 kotiel\u00e4imi\u00e4 on periaatteessa mahdollista suojata esimerkiksi s\u00e4hk\u00f6aidoin tai k\u00e4ytt\u00e4m\u00e4ll\u00e4 nk. laumanvartijakoiria. S\u00e4hk\u00f6aidoista on saatu hyvi\u00e4 kokemuksia sek\u00e4 Suomesta ett\u00e4 Ruotsista.<\/em>&#8221; Ministeri\u00f6n linjaus on t\u00e4ss\u00e4 se, ett\u00e4 ik\u00e4\u00e4nkuin n\u00e4m\u00e4 k\u00e4yt\u00e4nn\u00f6t&nbsp;olisivat hyvinkin yleisi\u00e4.<\/p>\n<p>Tosiasiallisesti valtio ei saa aitaa rakennettua edes omien instanssiensa hallinoimille laitumille, sill\u00e4 n\u00e4in uutisoi sanomalehti <a href=\"https:\/\/www.kaleva.fi\/tervareitti\/pelson-lampaille-ei-tule-riista-aitaa\/800593\/#\">Kaleva<\/a> verkkosivuillaan 27.7.2018: &#8221;<strong>Pelson lampaille ei tule riista-aitaa<\/strong>&#8221;. Sen sijaan valtion suosiollisella avustuksella (Pelson vankilan tilanhoitajan vastaus Suomen riistakeskus Oululle 11.7.2018) alueella tapettiin 22.7.2018 susi Suomen riistakeskuksen vahinkoperusteisella poikkeusluvalla. Vastauksessaan tilanhoitaja perustelee petoaidan hankkimatta j\u00e4tt\u00e4mist\u00e4 sill\u00e4, ettei sit\u00e4 olisi kuitenkaan saatu vaikka olisi haettukin. &#8221;<em>N\u00e4kemykseni mukaan Pelson vankilan tilanne on my\u00f6s ollut vaikuttamassa siihen ett\u00e4 susiaidan tekoon aitainvestointi ei ole ollut realistinen vaihtoehto vankilan ep\u00e4varman tulevaisuuden johdosta, emmek\u00e4 olisi saaneet aidalle rahoitusta vaikka sit\u00e4 olisimme esitt\u00e4neet.<\/em>&#8221; Miksi kansalaisilla olisi tahtotila suojella biodiversiteetti\u00e4, kun sit\u00e4 ei ole edes valtiolla?&nbsp;<\/p>\n<p><a href=\"https:\/\/tapiolary.com\/wp-content\/uploads\/2018\/08\/screenshot.12-08-2018-13.29.38.jpg\"><img loading=\"lazy\" decoding=\"async\" class=\"alignleft size-medium wp-image-2407\" src=\"https:\/\/tapiolary.com\/wp-content\/uploads\/2018\/08\/screenshot.12-08-2018-13.29.38-300x204.jpg\" alt=\"\" width=\"300\" height=\"204\" srcset=\"https:\/\/tapiolary.com\/wp-content\/uploads\/2018\/08\/screenshot.12-08-2018-13.29.38-300x204.jpg 300w, https:\/\/tapiolary.com\/wp-content\/uploads\/2018\/08\/screenshot.12-08-2018-13.29.38-768x522.jpg 768w, https:\/\/tapiolary.com\/wp-content\/uploads\/2018\/08\/screenshot.12-08-2018-13.29.38.jpg 858w\" sizes=\"auto, (max-width: 300px) 100vw, 300px\" \/><\/a><\/p>\n<p>Palataan sudenhoitosuunnitelmaan. Suomi tarvitsi <a href=\"http:\/\/www2.nina.no\/lcie_new\/pdf\/634989764482896445_Finnish%20wolf%20plan%20FI.pdf\">suunnitelman<\/a> susille, joten sellainen tehtiin ja sellainen valmistui 2005. Suunnitelma sis\u00e4lsi my\u00f6s laajasti ennaltaehk\u00e4isevi\u00e4 toimenpiteit\u00e4, kuten:&nbsp;&nbsp;aitaaminen s\u00e4hk\u00f6istetyll\u00e4 petoaidalla, lippusiimojen k\u00e4ytt\u00f6, laumanvartijakoirien k\u00e4ytt\u00f6, koirien suojaaminen pihapiireiss\u00e4 asianmukaisin tarhoin, susipuhelin, uusien menetelmien kehitt\u00e4minen koirien suojaamiseen, julkisten varojen k\u00e4yt\u00f6n painopistett\u00e4 muutetaan susivahinkojen korvaamisesta susivahinkojen ennaltaehk\u00e4isyyn, vahinkojen korvaaminen, susikannan tutkimuksen ja seurannan kehitt\u00e4minen, koulutus, neuvonta ja tiedotus, sek\u00e4 poliisin, rajavartiolaitoksen, tulliviranomaisten,Mets\u00e4hallituksen er\u00e4valvojien ja riistaorganisaation v\u00e4lisen yhteisty\u00f6n kehitt\u00e4minen mets\u00e4styksen valvonnassa.<\/p>\n<p>Vanha kannanhoitosuunnitelma on luettavissa <a href=\"http:\/\/www2.nina.no\/lcie_new\/pdf\/634989764482896445_Finnish%20wolf%20plan%20FI.pdf\">t\u00e4\u00e4ll\u00e4<\/a>.<\/p>\n<p>Susikanta ei n\u00e4ist\u00e4 toimenpiteist\u00e4 juuri kohentunut, liek\u00f6 suurempi syy siin\u00e4, ett\u00e4 ennaltaehk\u00e4isevien toimien systemaattinen ja laajamittainen k\u00e4ytt\u00f6\u00f6notto ontui pahemman kerran? <a href=\"https:\/\/www.eduskunta.fi\/FI\/vaski\/EduskuntaAloite\/Documents\/taa_36+2006.pdf\">Talousarvioaloitteessaan<\/a> 36\/2006 esittiv\u00e4t Ulla Anttila, Jyrki Kasvi ja Oras Tynkkynen eduskunnalle seuraavaa: &#8221;<em>Nyt keskityt\u00e4\u00e4n liikaa vain tapahtuneiden vahinkojen korvaamiseen, mik\u00e4 on pitk\u00e4ll\u00e4 aikav\u00e4lill\u00e4 kest\u00e4m\u00e4t\u00f6n ratkaisu. Mik\u00e4li petokannat kasvavat, lis\u00e4\u00e4ntyv\u00e4t my\u00f6s vahingot, jollei niit\u00e4 ehk\u00e4ist\u00e4 ennalta. Korvaukset koetaan my\u00f6s usein riitt\u00e4m\u00e4tt\u00f6miksi. Lis\u00e4ksi vahingot her\u00e4tt\u00e4v\u00e4t pelkoa..<\/em>.&#8221;, sek\u00e4: &#8221;<em>Edell\u00e4 olevan perusteella ehdotamme, ett\u00e4 eduskunta ottaa valtion vuoden 2007 talousarvioon momentille 35.20.63 lis\u00e4yksen\u00e4 200 000 euroa toimenpideohjelmaan susien suojelemiseksi<\/em>.&#8221; Ei liene vaikea arvata miten aloitteen k\u00e4vi?&nbsp;<\/p>\n<p><a href=\"https:\/\/tapiolary.com\/wp-content\/uploads\/2018\/08\/screenshot.12-08-2018-14.14.18.jpg\"><img loading=\"lazy\" decoding=\"async\" class=\"alignleft wp-image-2408 size-full\" src=\"https:\/\/tapiolary.com\/wp-content\/uploads\/2018\/08\/screenshot.12-08-2018-14.14.18.jpg\" alt=\"\" width=\"766\" height=\"494\" srcset=\"https:\/\/tapiolary.com\/wp-content\/uploads\/2018\/08\/screenshot.12-08-2018-14.14.18.jpg 766w, https:\/\/tapiolary.com\/wp-content\/uploads\/2018\/08\/screenshot.12-08-2018-14.14.18-300x193.jpg 300w\" sizes=\"auto, (max-width: 766px) 100vw, 766px\" \/><\/a><\/p>\n<p>&nbsp;<\/p>\n<p>&nbsp;<\/p>\n<p>&nbsp;<\/p>\n<p>&nbsp;<\/p>\n<p>&nbsp;<\/p>\n<p>&nbsp;<\/p>\n<p>&nbsp;<\/p>\n<p>&nbsp;<\/p>\n<p>&nbsp;<\/p>\n<p>&nbsp;<\/p>\n<p>&nbsp;<\/p>\n<p>&nbsp;<\/p>\n<p>&nbsp;<\/p>\n<p>&nbsp;<\/p>\n<p>&nbsp;<\/p>\n<p>&nbsp;<\/p>\n<p>Suunnitelma oli hyv\u00e4, rahaa sen toteutukseen ei l\u00f6ytynyt. Sen sijaan tulevina vuosina surkuteltiin petokorvausten m\u00e4\u00e4r\u00e4\u00e4.&nbsp;<\/p>\n<p>Sudenhoitosuunnitelma <a href=\"https:\/\/mmm.fi\/documents\/1410837\/1720364\/Suomen_susikannan_hoitosuunnitelmat.pdf\/cf2138e7-6a9b-4955-9b93-d719c734590f\">p\u00e4ivitettiin<\/a> loppuvuodesta 2014 ja uusi suunnitelma julkaistiin heti tuoreeltaan 2015. Sen ohessa k\u00e4ytiin laaja-alainen kansalaiskeskustelu ja eri reviireill\u00e4 useat sidosryhm\u00e4t osallistuivat paikallisiin ty\u00f6pajoihin. Ilmassa oli selke\u00e4sti tekemisen meininki ja tuntui silt\u00e4, ett\u00e4 nyt asiaan paneudutaan, nimenomaan ratkaisuhakuisesti. Uuteen kannanhoitosuunnitelmaan kirjattiin seuraavia ennaltaehk\u00e4isevi\u00e4 toimenpiteit\u00e4 ja hankkeita:&nbsp;<\/p>\n<ul>\n<li>Suomen riistakeskus kannustaa ja neuvoo koiratarhojen rakentamiseen sek\u00e4 turvallisiin koiramets\u00e4styksen k\u00e4yt\u00e4nt\u00f6ihin susialueilla.<\/li>\n<li>Luonnonvarakeskus julkaisee susien GPS-paikannustietoa internet-palvelussaan elokuun puolesta v\u00e4list\u00e4 seuraavan vuoden helmikuun loppuun.<\/li>\n<li>Valtion varoilla avustetaan petoaitatarvikkeiden hankintaa el\u00e4intuotantotiloille, joille sudet aiheuttavat merkitt\u00e4v\u00e4\u00e4 uhkaa.<\/li>\n<li>Suomen riistakeskus neuvoo susivahinkojen ehk\u00e4isyss\u00e4.<\/li>\n<li>Uuden susireviirin syntyess\u00e4 Suomen riistakeskus j\u00e4rjest\u00e4\u00e4 tiedonvaihto- ja koulutustilaisuuksia, joissa k\u00e4sitell\u00e4\u00e4n ennaltaehk\u00e4isy\u00e4 sek\u00e4 vahinkojen korvausj\u00e4rjestelm\u00e4\u00e4.<\/li>\n<li>Susivahinkojen korvauksen maksatusta nopeutetaan riistavahinkolain muutoksella.<\/li>\n<li>Suden aiheuttamat vahingot maksetaan t\u00e4ysim\u00e4\u00e4r\u00e4isen\u00e4.<\/li>\n<li>Yhteisty\u00f6ryhm\u00e4 ja susikoordinaattori reviirialueille.<\/li>\n<li>Suden ulosteiden DNA-analysointeihin perustuva yksil\u00f6inti.<\/li>\n<li>Suden karkotusten vaikuttavuus.<\/li>\n<li>Reviiriarvokauppa.<\/li>\n<li>ja:&nbsp; Suden kannanhoidollinen mets\u00e4stys talvella 2015 ja 2016.<\/li>\n<\/ul>\n<p>Petoaidat, laumanvartijat, koiratarhat, uudet innovaatiot, tiedotus ja korvaukset ovat toisintoa vuodelta 2005. Susipuhelimen on korvannut pantaseuranta ja riistahavaintosivusto. Tutkimus on siirtynyt painottamaan DNA-yksil\u00f6inti\u00e4 ja kannanarvioon on tullut kaivattua tarkkuutta. Yksil\u00f6inti ei siltik\u00e4\u00e4n viel\u00e4 kata kaikkia alueita. Suomen riistakeskus on pit\u00e4nyt tiedotustilaisuuksia uusilla reviirialueilla, mutta usein vasta sen j\u00e4lkeen kun siell\u00e4 on ensimm\u00e4inen susi tapettu, tai kun Taajamasusi on ehtinyt pit\u00e4\u00e4 oman tiedotustilaisuutensa.&nbsp;<\/p>\n<figure id=\"attachment_2410\" aria-describedby=\"caption-attachment-2410\" style=\"width: 300px\" class=\"wp-caption alignleft\"><a href=\"https:\/\/tapiolary.com\/wp-content\/uploads\/2018\/08\/screenshot.12-08-2018-14.31.13.jpg\"><img loading=\"lazy\" decoding=\"async\" class=\"wp-image-2410 size-medium\" src=\"https:\/\/tapiolary.com\/wp-content\/uploads\/2018\/08\/screenshot.12-08-2018-14.31.13-300x93.jpg\" alt=\"\" width=\"300\" height=\"93\" srcset=\"https:\/\/tapiolary.com\/wp-content\/uploads\/2018\/08\/screenshot.12-08-2018-14.31.13-300x93.jpg 300w, https:\/\/tapiolary.com\/wp-content\/uploads\/2018\/08\/screenshot.12-08-2018-14.31.13-768x239.jpg 768w, https:\/\/tapiolary.com\/wp-content\/uploads\/2018\/08\/screenshot.12-08-2018-14.31.13.jpg 978w\" sizes=\"auto, (max-width: 300px) 100vw, 300px\" \/><\/a><figcaption id=\"caption-attachment-2410\" class=\"wp-caption-text\">Riistakeskuksen tiedote.<\/figcaption><\/figure>\n<figure id=\"attachment_2412\" aria-describedby=\"caption-attachment-2412\" style=\"width: 300px\" class=\"wp-caption alignleft\"><a href=\"https:\/\/tapiolary.com\/wp-content\/uploads\/2018\/08\/screenshot.12-08-2018-14.38.58.jpg\"><img loading=\"lazy\" decoding=\"async\" class=\"wp-image-2412 size-medium\" src=\"https:\/\/tapiolary.com\/wp-content\/uploads\/2018\/08\/screenshot.12-08-2018-14.38.58-300x260.jpg\" alt=\"\" width=\"300\" height=\"260\" srcset=\"https:\/\/tapiolary.com\/wp-content\/uploads\/2018\/08\/screenshot.12-08-2018-14.38.58-300x260.jpg 300w, https:\/\/tapiolary.com\/wp-content\/uploads\/2018\/08\/screenshot.12-08-2018-14.38.58.jpg 705w\" sizes=\"auto, (max-width: 300px) 100vw, 300px\" \/><\/a><figcaption id=\"caption-attachment-2412\" class=\"wp-caption-text\">Taajamasuden tiedote.<\/figcaption><\/figure>\n<p>&nbsp;<\/p>\n<p>&nbsp;<\/p>\n<p>&nbsp;<\/p>\n<p>&nbsp;<\/p>\n<p>&nbsp;<\/p>\n<p>&nbsp;<\/p>\n<p>&nbsp;<\/p>\n<p>&nbsp;<\/p>\n<p>&nbsp;<\/p>\n<p>&nbsp;<\/p>\n<p>Ent\u00e4p\u00e4 korvaukset? Sanomalehti <a href=\"https:\/\/www.kaleva.fi\/uutiset\/kotimaa\/suurpetovahinkojen-maara-kasvanut-kahtena-viime-vuonna-maararahaa-ei-riittanyt-taysimaaraisiin-korvauksiin\/801128\/\">Kaleva<\/a> uutisoi 2.8.2018 verkkosivuillaan: &#8221;<em>Suur\u00adpe\u00adto\u00adva\u00adhin\u00adko\u00adjen m\u00e4\u00e4r\u00e4 kasvanut kahtena viime vuonna \u2013 m\u00e4\u00e4r\u00e4rahaa ei riitt\u00e4nyt t\u00e4y\u00adsi\u00adm\u00e4\u00e4\u00adr\u00e4i\u00adsiin korvauksiin<\/em>.&#8221;<\/p>\n<p>Kaikki tied\u00e4mme, ett\u00e4 kannanhoidollinen &#8221;kokeilu&#8221; p\u00e4\u00e4ttyi susikannan suotuisan kehityksen osalta katastrofiin, mutta ent\u00e4p\u00e4 <a href=\"https:\/\/riista.fi\/riistatalous\/riistakannat\/hoitosuunnitelmien-toimeenpano\/susireviirialueiden-yhteistyoryhmat\/\">reviirity\u00f6ryhm\u00e4t<\/a>? Ne saatiin k\u00e4yntiin v\u00e4hitellen kannanhoidollisen mets\u00e4styksen ollessa jo hyv\u00e4ss\u00e4 vauhdissa. Konkreettisesti ne ovat toimineet l\u00e4hinn\u00e4 lausuntoautomaatteina puoltamaan lupahakemuksia. Toisinaan luvanhakija istuu itse reviirity\u00f6ryhm\u00e4ss\u00e4 antamassa puoltavaa lausuntoa itselleen, mik\u00e4 k\u00e4y ilmi yhteisty\u00f6ryhmien kokoonpanoista ja lupahakemuksista.&nbsp;<\/p>\n<p><a href=\"https:\/\/tapiolary.com\/wp-content\/uploads\/2018\/08\/screenshot.12-08-2018-15.03.04.jpg\"><img loading=\"lazy\" decoding=\"async\" class=\"alignleft size-medium wp-image-2413\" src=\"https:\/\/tapiolary.com\/wp-content\/uploads\/2018\/08\/screenshot.12-08-2018-15.03.04-300x185.jpg\" alt=\"\" width=\"300\" height=\"185\" srcset=\"https:\/\/tapiolary.com\/wp-content\/uploads\/2018\/08\/screenshot.12-08-2018-15.03.04-300x185.jpg 300w, https:\/\/tapiolary.com\/wp-content\/uploads\/2018\/08\/screenshot.12-08-2018-15.03.04-570x350.jpg 570w, https:\/\/tapiolary.com\/wp-content\/uploads\/2018\/08\/screenshot.12-08-2018-15.03.04.jpg 697w\" sizes=\"auto, (max-width: 300px) 100vw, 300px\" \/><\/a> <a href=\"https:\/\/tapiolary.com\/wp-content\/uploads\/2018\/08\/screenshot.12-08-2018-15.04.05.jpg\"><img loading=\"lazy\" decoding=\"async\" class=\"alignleft size-medium wp-image-2414\" src=\"https:\/\/tapiolary.com\/wp-content\/uploads\/2018\/08\/screenshot.12-08-2018-15.04.05-300x163.jpg\" alt=\"\" width=\"300\" height=\"163\" srcset=\"https:\/\/tapiolary.com\/wp-content\/uploads\/2018\/08\/screenshot.12-08-2018-15.04.05-300x163.jpg 300w, https:\/\/tapiolary.com\/wp-content\/uploads\/2018\/08\/screenshot.12-08-2018-15.04.05.jpg 755w\" sizes=\"auto, (max-width: 300px) 100vw, 300px\" \/><\/a><\/p>\n<p>&nbsp;<\/p>\n<p>&nbsp;<\/p>\n<p>&nbsp;<\/p>\n<p>&nbsp;<\/p>\n<p>&nbsp;<\/p>\n<p>&nbsp;<\/p>\n<p>Osa keskeisist\u00e4 toimenpiteist\u00e4 on edelleen toteuttamatta tai loppuun saattamatta. Miksi nyt siis kiire k\u00e4ynnist\u00e4\u00e4 j\u00e4lleen p\u00e4ivitysty\u00f6, sill\u00e4 kannanhoitosuunnitelmien voimassaolon ajan juuri ne vaikuttavimmat ja petopolitiikan kannalta toimivimmat toimenpiteet on kirjattu molempiin suunnitelmiin?&nbsp;<\/p>\n<p>Ellei sitten tavoitteena ole l\u00f6yt\u00e4\u00e4 viel\u00e4 jokin k\u00e4ytt\u00e4m\u00e4t\u00f6n porsaanreik\u00e4 lains\u00e4\u00e4d\u00e4nn\u00f6st\u00e4, joka mahdollistaisi susien mets\u00e4styksen? Poliittinen tahtotila Suomen susikannan kasvun katoksi on nimitt\u00e4in m\u00e4\u00e4ritelty jo 2006. Sanomalehti Kalevan arkistosta l\u00f6ytyy STT:n uutiseen pohjaava artikkeli: &#8221;<em>Ministeri\u00f6: Suomen nykyisen susikannan ei anneta kasvaa<\/em>&#8221;. Sama juttu on viel\u00e4 luettavissa oheisessa <a href=\"https:\/\/www.hameensanomat.fi\/uutiset\/kotimaa\/167914-suomen-nykyisen-susikannan-ei-anneta-kasvaa\">H\u00e4meen Sanomien<\/a> linkiss\u00e4, joka pohjautuu samaan STT:n uutiseen. &#8221;<em>Suomen susikanta aiotaan pit\u00e4\u00e4 nykyisess\u00e4 noin 20 lis\u00e4\u00e4ntyv\u00e4ss\u00e4 parissa. Riista- ja kalatalouden tutkimuslaitoksen (RKTL) ennusteen mukaan susikanta kaksinkertaistuisi seuraavan viiden vuoden aikana, jos suden pyyntim\u00e4\u00e4r\u00e4t pysyisiv\u00e4t nykytasolla. T\u00e4llaiseen kasvuun susikantaa ei kuitenkaan maa- ja mets\u00e4talousministeri\u00f6n mukaan haluta p\u00e4\u00e4st\u00e4\u00e4, vaan kannan nousu pidet\u00e4\u00e4n kurissa pyynnill\u00e4<\/em>.&#8221;&#8230; &#8221;<em>T\u00e4m\u00e4 tarkoittaa siis nykyist\u00e4 susim\u00e4\u00e4r\u00e4\u00e4, sill\u00e4 RKTL arvioi viime talven susikannaksi noin 200 sutta. Viime vuonna valmistuneessa susikannan hoitosuunnitelmassa on haettu kompromissia susikannan elinvoimaisuuden ja ihmisen sietokyvyn v\u00e4lill\u00e4.<\/em>&#8221;<\/p>\n<p>Aina v\u00e4lill\u00e4 on ihmetelty, miksi Suomen susikanta hinaa jatkuvasti geneettisess\u00e4 pullonkaulassa, kun el\u00e4in omaa kuitenkin verrattain hyv\u00e4n lis\u00e4\u00e4ntymispotentiaalin? Syy on mainittu edell\u00e4. Nyt kun susikanta j\u00e4lleen osoittaa vaimeita elpymisen merkkej\u00e4, alkaa hallinto valmistautua tulevaan: miten v\u00e4hent\u00e4\u00e4 susia ilman ett\u00e4 EU Komissio j\u00e4lleen asiasta \u00e4r\u00e4ht\u00e4\u00e4? Sit\u00e4 varten tarvitaan suunnitelma. Se on nyt valmisteilla, suden kannanhoitosuunnitelman kolmas tuleminen.&nbsp;<\/p>\n<p>Niin, pit\u00e4\u00e4 viel\u00e4 selvitt\u00e4\u00e4 miksi Suomi p\u00e4\u00e4si k\u00e4yt\u00e4nn\u00f6ss\u00e4 kuin koira ver\u00e4j\u00e4st\u00e4 EU-tuomioistuimen langettamasta tuomiosta 2007? Maa- ja mets\u00e4talousministeri\u00f6 kirjelm\u00f6i Komissiolle, mist\u00e4 jo alussa tuli mainittua. Kirjelm\u00e4ss\u00e4 esitettiin lis\u00e4ksi kaksi esimerkki\u00e4, joiden avulla havainnollistettiin sit\u00e4, ett\u00e4 susien mets\u00e4styksell\u00e4 on vahinkoja ennaltaehk\u00e4isev\u00e4 vaikutus. Esimerkkein\u00e4 k\u00e4ytet\u00e4\u00e4n Pohjois-H\u00e4meeseen asettunutta paria, joka sai pentuja 2005 ja 2006, sek\u00e4 Kaavin-Juankosken reviiri\u00e4 Pohjois-Savossa, jossa oli poikkeuksellisen paljon susien vierailuja pihoilla. Pohjois-H\u00e4meen laumasta tapettiin alfanaaras, mink\u00e4 j\u00e4lkeen lauma hajosi, eik\u00e4 &#8221;<em>reviirill\u00e4 elelevien susien lukum\u00e4\u00e4r\u00e4st\u00e4 tai lis\u00e4\u00e4ntymisbiologisesta asemasta ole t\u00e4ll\u00e4 hetkell\u00e4 tarkempaa tietoa.<\/em>&#8221; Pohjois-Savon reviirilt\u00e4 taas tapettiin alfapari. On kai sanomattakin selv\u00e4\u00e4, ett\u00e4 vahingot alueella loppuvat, jos sudet h\u00e4vitet\u00e4\u00e4n.<\/p>\n<p>Suomi on k\u00e4ytt\u00e4nyt susikonfliktin hallintaan noin 20 vuotta samaa metodia: tappamista. Koko Eu-direktiivin historian ajan susia on Suomessa mets\u00e4stetty enemm\u00e4n ja v\u00e4hemm\u00e4n. Olisiko nyt aika kuitenkin tarkistaa tuon metodin toimivuus konfliktin hallinnan suhteen? Se ei onnistu, jos valtio eri instansseineen on keskeinen osa konfliktin synty\u00e4 ja yll\u00e4pitoa. Jos valtionhallinto ei tahdo, mik\u00e4 velvoittaa kansalaisia?<\/p>\n","protected":false},"excerpt":{"rendered":"<p>Maa- ja mets\u00e4talousministeri\u00f6 antoi kes\u00e4n korvalla, 6.6.2018 tiedotteen, jonka mukaan sudenhoitosuunnitelmaa p\u00e4ivitet\u00e4\u00e4n toimenpideosion osalta. T\u00e4m\u00e4 painotus mainitaan ministeri Lep\u00e4n antamassa vastauksessa (KKV 44\/2018) kansanedustaja Olavi Ala-Nissil\u00e4n kirjalliseen kysymykseen. Kannanhoitosuunnitelman&nbsp;ohjaus- ja valmisteluryhmiin kutsutaan laajasti mukaan eri sidosryhmien edustajia. Ty\u00f6n on m\u00e4\u00e4r\u00e4 valmistua kev\u00e4\u00e4ll\u00e4 2019. Ensimm\u00e4inen kannanhoitosuunnitelma valmistui 2005. Suunnitelmaty\u00f6n vaikuttimena toimi EU:n komission alkuunpanema rikkomusmenettely, jossa [&hellip;]<\/p>\n","protected":false},"author":2,"featured_media":1199,"comment_status":"closed","ping_status":"open","sticky":false,"template":"","format":"standard","meta":{"ngg_post_thumbnail":0,"footnotes":""},"categories":[12,3],"tags":[166,44,136,170,169,172,26,171],"class_list":["post-2406","post","type-post","status-publish","format-standard","has-post-thumbnail","hentry","category-sari","category-susi","tag-eu-tuomioistuin","tag-kannanhoitosuunnitelma","tag-konflikti","tag-korvaukset","tag-ma-ja-metsatalousministerio","tag-petopolitiikka","tag-susi-2","tag-tahtotila"],"_links":{"self":[{"href":"https:\/\/tapiolary.com\/index.php?rest_route=\/wp\/v2\/posts\/2406","targetHints":{"allow":["GET"]}}],"collection":[{"href":"https:\/\/tapiolary.com\/index.php?rest_route=\/wp\/v2\/posts"}],"about":[{"href":"https:\/\/tapiolary.com\/index.php?rest_route=\/wp\/v2\/types\/post"}],"author":[{"embeddable":true,"href":"https:\/\/tapiolary.com\/index.php?rest_route=\/wp\/v2\/users\/2"}],"replies":[{"embeddable":true,"href":"https:\/\/tapiolary.com\/index.php?rest_route=%2Fwp%2Fv2%2Fcomments&post=2406"}],"version-history":[{"count":11,"href":"https:\/\/tapiolary.com\/index.php?rest_route=\/wp\/v2\/posts\/2406\/revisions"}],"predecessor-version":[{"id":2425,"href":"https:\/\/tapiolary.com\/index.php?rest_route=\/wp\/v2\/posts\/2406\/revisions\/2425"}],"wp:featuredmedia":[{"embeddable":true,"href":"https:\/\/tapiolary.com\/index.php?rest_route=\/wp\/v2\/media\/1199"}],"wp:attachment":[{"href":"https:\/\/tapiolary.com\/index.php?rest_route=%2Fwp%2Fv2%2Fmedia&parent=2406"}],"wp:term":[{"taxonomy":"category","embeddable":true,"href":"https:\/\/tapiolary.com\/index.php?rest_route=%2Fwp%2Fv2%2Fcategories&post=2406"},{"taxonomy":"post_tag","embeddable":true,"href":"https:\/\/tapiolary.com\/index.php?rest_route=%2Fwp%2Fv2%2Ftags&post=2406"}],"curies":[{"name":"wp","href":"https:\/\/api.w.org\/{rel}","templated":true}]}}