{"id":2350,"date":"2018-05-20T12:56:41","date_gmt":"2018-05-20T12:56:41","guid":{"rendered":"http:\/\/tapiolary.com\/?p=2350"},"modified":"2018-05-20T12:56:41","modified_gmt":"2018-05-20T12:56:41","slug":"eun-suurpetolinjaus-lahtee-lainsaadannosta","status":"publish","type":"post","link":"https:\/\/tapiolary.com\/?p=2350","title":{"rendered":"EU:n suurpetolinjaus l\u00e4htee lains\u00e4\u00e4d\u00e4nn\u00f6st\u00e4"},"content":{"rendered":"<p><a href=\"https:\/\/tapiolary.com\/wp-content\/uploads\/2016\/05\/screenshot.27-05-2016-14.52.03.jpg\"><img loading=\"lazy\" decoding=\"async\" class=\"alignleft size-medium wp-image-1200\" src=\"https:\/\/tapiolary.com\/wp-content\/uploads\/2016\/05\/screenshot.27-05-2016-14.52.03-300x199.jpg\" alt=\"\" width=\"300\" height=\"199\" srcset=\"https:\/\/tapiolary.com\/wp-content\/uploads\/2016\/05\/screenshot.27-05-2016-14.52.03-300x199.jpg 300w, https:\/\/tapiolary.com\/wp-content\/uploads\/2016\/05\/screenshot.27-05-2016-14.52.03-768x510.jpg 768w, https:\/\/tapiolary.com\/wp-content\/uploads\/2016\/05\/screenshot.27-05-2016-14.52.03.jpg 984w\" sizes=\"auto, (max-width: 300px) 100vw, 300px\" \/><\/a>Euroopan mets\u00e4stysj\u00e4rjest\u00f6jen kattoj\u00e4rjest\u00f6n FACE:n suurpetoty\u00f6ryhm\u00e4 osallistui 15 toukokuuta Brysseliss\u00e4 pidettyyn&nbsp;suden ja kotiel\u00e4intalouden konfliktia k\u00e4sittelev\u00e4\u00e4n konferenssiin europarlamentissa. Suomen mets\u00e4st\u00e4j\u00e4liiton Facebook-p\u00e4ivityksen mukaan: &#8221;<em>Ymp\u00e4rist\u00f6komissaari Karmenu Vellan aloituspuheenvuoro her\u00e4tti \u00e4\u00e4nekk\u00e4it\u00e4 vastalauseita tiukempaa suurpetokontrollia kannattavien joukosta.<\/em>&#8221; Aloituspuheenvuoron sis\u00e4lt\u00f6\u00e4 ei sen kummemmin tuotu julki. Mit\u00e4 Vella siis itse asiassa sanoi suututtaessaan osan kuulijoista? Seuraavassa muutamia poimintoja puheen keskeisist\u00e4 teemoista.<\/p>\n<p>Komissaari esitti aluksi olevansa tyytyv\u00e4inen lis\u00e4\u00e4ntyneeseen kiinnostukseen suden (ja yleens\u00e4 suurpetojen) suojeluun ja kannanhoitoon liittyviss\u00e4 kysymyksiss\u00e4. Suden paluuta entisille asuinsijoilleen Euroopassa h\u00e4n piti osoituksena ymp\u00e4rist\u00f6nsuojelun ja luonnonperinn\u00f6n vaalimisen onnistumisesta.<\/p>\n<p>H\u00e4n piti kiistattomana sit\u00e4, ett\u00e4 sudesta on my\u00f6s haittaa esimerkiksi lampaan kasvatukselle mutta juuri yhteiselon saavuttaminen suurpetojen kanssa on unionin luontopolitiikan p\u00e4\u00e4tavoite. Komissio saa usein kuulla, ettei Brysseliss\u00e4 tiedet\u00e4 mit\u00e4\u00e4n lampaan tai vuohenkasvatuksen ongelmista ja lajien suojelu menisi ihmisten intressien edelle. &#8221;<em>Ett\u00e4 emme kuuntele, tai kuuntelemme vain kansalaisj\u00e4rjest\u00f6j\u00e4.<\/em>&#8221;<\/p>\n<p>Vella vakuutti, ettei asia ole n\u00e4in, vaan komissio on hyvin tietoinen niist\u00e4 haasteista joita suden paluu tuo tullessaan ja komissaari sanoi ymm\u00e4rt\u00e4v\u00e4ns\u00e4 t\u00e4ysin lampaankasvattajia n\u00e4iden kohdatessa suden mukanaan tuoman predaation riskin.<\/p>\n<p>&#8221;<em>But we cannot, from here in Brussels, simply wave a magic wand and make it happen. Nor can we come up with quick fixes<\/em>.&#8221; Brysseliss\u00e4 ei ole kuitenkaan taikasauvaa, jota heilauttamalla asiat saisi tapahtumaan. Nopeita ratkaisuja asioiden korjaamiseksi ei ole.&nbsp;<br \/>\n&#8221;<em>There are laws to be respected \u2013 laws that were decided by Member States and recently reconfirmed as being fit for purpose.<\/em>&#8221; On lakeja, joita tulee kunnioittaa, lakeja joista j\u00e4senvaltiot ovat p\u00e4\u00e4tt\u00e4neet ja jotka on juuri todettu tarkoituksenmukaisiksi.<\/p>\n<p>Suden paluulle h\u00e4vi\u00e4misen partaalta ja lajin tiukalle suojelulle on vahva yhteis\u00f6n tuki. Komission rooli ei ole vain sopimusten ja lains\u00e4\u00e4d\u00e4nn\u00f6n valvonnassa, vaan my\u00f6s s\u00e4\u00e4nn\u00f6nmukaisten ja hyv\u00e4ksytt\u00e4vien paikallisten ratkaisujen l\u00f6yt\u00e4misess\u00e4 &#8211; vaikka ne eiv\u00e4t aivan kaikille osapuolille olisikaan miellytt\u00e4vi\u00e4.<\/p>\n<p>Komissaarin mukaan petovahinkojen ennaltaehk\u00e4isemiseksi tulee tehd\u00e4 viel\u00e4 enemm\u00e4n. On selv\u00e4\u00e4, ett\u00e4 ongelmia esiintyy etenkin alueilla, joilta susi on ollut poissa vuosikymmenten ajan, jolloin karjan suojaamiseen ei ole siten ollut tarvetta. Ratkaisut ovat olleet aiemmin olemassa, joten nykytekniikan avulla niit\u00e4 voidaan tehokkaasti soveltaa uudelleen, kuten s\u00e4hk\u00f6istettyj\u00e4 petoaitoja sek\u00e4 visuaalisia- ja \u00e4\u00e4nikarkotteita. Teknisi\u00e4 ratkaisuja on l\u00f6ydett\u00e4viss\u00e4 yhteisty\u00f6ss\u00e4 karjankasvattajien kanssa.&nbsp;<\/p>\n<p>Kokemus osoittaa selv\u00e4sti, ett\u00e4 ennaltaehk\u00e4isev\u00e4t toimet ovat tehokkaita, kun ne on suunniteltu hyvin olosuhteet huomioiden, toteutettu&nbsp;asianmukaisesti ja my\u00f6s yll\u00e4pidosta ja seurannasta on huolehdittu. Joissain tilanteissa vahinkojen t\u00e4ydellinen torjunta ei ole mahdollista, jolloin korvausmenettelyjen tulee olla tehokkaita.<\/p>\n<p>Komissaari n\u00e4kee konfliktin hallinnassa tiedottamisella ja vuorovaikutuksella olevan t\u00e4rke\u00e4n roolin. Mik\u00e4li muuta tyydytt\u00e4v\u00e4\u00e4 ratkaisua ei ole, sallii luontodirektiivi tietyin edellytyksin my\u00f6s suojelusta poikkeamisen. Mets\u00e4styksell\u00e4 ei kuitenkaan voida korvata ennaltaehk\u00e4isevi\u00e4 menetelmi\u00e4 ja komissaari esitt\u00e4\u00e4kin olevan kokemusper\u00e4ist\u00e4 ja tieteellist\u00e4 n\u00e4ytt\u00f6\u00e4 siit\u00e4, ett\u00e4 ennaltaehk\u00e4isevt menetelm\u00e4t ovat mets\u00e4styst\u00e4 tehokkaampi menetelm\u00e4 petovahinkojen torjuntaan.&nbsp;<\/p>\n<p>Komissio onkin ryhtynyt seuraaviin toimiin:&nbsp;<\/p>\n<ul>\n<li>10% lis\u00e4ys LIFE-budjettiin<\/li>\n<li>luontodirektiivin lajeja koskevien suojeluohjeiden p\u00e4ivitys<\/li>\n<li>komissio tuo yhteen eri sidosryhmi\u00e4<\/li>\n<li>tapaa j\u00e4senvaltioitakeskustellakseen luontodirektiivien implementoinnista<\/li>\n<li>edist\u00e4\u00e4 sidosryhmien dialogia<\/li>\n<li>EUROLARGECARNIVORES(2017-2022)-LIfe projektin rahoittaminen<\/li>\n<\/ul>\n<p>&#8221;<em>Finally, I would like to invite you to consider the opportunities for rural communities to use the wolf as an additional source of income. Several positive examples exist.<\/em>&#8221; Lopuksi komissaari haastaa pohtimaan sit\u00e4 vaihtoehtoa, ett\u00e4 susi voisi olla merkitt\u00e4v\u00e4 luontomatkailun tulonl\u00e4hde ja mainitsee esimerkkin\u00e4 Espanjan, jossa tuhannet turistit k\u00e4yv\u00e4t vuosittain katselemassa susia.&nbsp;<br \/>\n<a href=\"https:\/\/tapiolary.com\/wp-content\/uploads\/2017\/04\/screenshot.03-04-2017-16.01.20.jpg\"><img loading=\"lazy\" decoding=\"async\" class=\"alignleft size-medium wp-image-1673\" src=\"https:\/\/tapiolary.com\/wp-content\/uploads\/2017\/04\/screenshot.03-04-2017-16.01.20-271x300.jpg\" alt=\"\" width=\"271\" height=\"300\" srcset=\"https:\/\/tapiolary.com\/wp-content\/uploads\/2017\/04\/screenshot.03-04-2017-16.01.20-271x300.jpg 271w, https:\/\/tapiolary.com\/wp-content\/uploads\/2017\/04\/screenshot.03-04-2017-16.01.20.jpg 551w\" sizes=\"auto, (max-width: 271px) 100vw, 271px\" \/><\/a><\/p>\n<p>Ymp\u00e4rist\u00f6komissaari Vella esitti puheessaan EU:n hallinnollisen linjauksen: se on suden suojelu niist\u00e4 haasteista huolimatta joita sen paluu entisile asuinsijoilleen tuo tullessaan. Haasteet eiv\u00e4t sin\u00e4ns\u00e4 ole ylip\u00e4\u00e4sem\u00e4tt\u00f6mi\u00e4, mik\u00e4li poliittista tahtoa rinnakkaiseloon l\u00f6ytyy, sill\u00e4 onnistumisistakin l\u00f6ytyy esimerkkej\u00e4. EU on osoittanut vakaata tahtoa, kautta linjan, taipumatta m\u00f6lin\u00e4kuoron alle silloinkaan kun volyymi alkaa nousta. Aina l\u00f6ytyy suojelun vastustajia. Heit\u00e4 l\u00f6ytyy kaikkialta. Mutta se millaisen merkityksen marginaalinen \u00f6ykk\u00e4riporukka saa hallinnon n\u00e4k\u00f6kulmasta, voidaan hoitaa monella tapaa. Aina vaikeammaksi menee, mik\u00e4li hallinto osoittautuu olevan osa konfliktia, kuten Suomessa.<\/p>\n<p>Pertti Rannikko kirjoitti marraskuussa 2014 <a href=\"https:\/\/www.ksml.fi\/mielipide\/kolumni\/Suden-salamets\u00e4styksen-taustalla-on-heikko-valtio\/639805\">Keskisuomalaiseen<\/a>: &#8221;<em>Suden salamets\u00e4styksen taustalla on heikko valtio<\/em>&#8221;. Ei se ole heikko ainoastaan salamets\u00e4stysilmi\u00f6\u00f6n liittyen, se on sit\u00e4 suojelukysymyksiss\u00e4 kautta linjan. Suden kannalta on aivan sama tapetaanko se luvatta vai luvalla. Ratkaisun avaimia susikonfliktiin ei kannata hakea miettim\u00e4ll\u00e4 mit\u00e4 lains\u00e4\u00e4d\u00e4nt\u00f6\u00e4 seuraavaksi voidaan kiert\u00e4\u00e4, vaan ryhtym\u00e4ll\u00e4 toteuttamaan sit\u00e4 mik\u00e4 on tehokkainta ja pitk\u00e4vaikutteisinta: ennaltaehk\u00e4isev\u00e4t toimenpiteet.<\/p>\n<p>Ymp\u00e4rist\u00f6komissaarin puheen l\u00f6yd\u00e4t kokonaisuudessaan <a href=\"https:\/\/ec.europa.eu\/commission\/commissioners\/2014-2019\/vella\/announcements\/speech-commissioner-vella-ep-inter-parliamentary-conference-defend-pastoralism-towards-european-wolf_en\">t\u00e4\u00e4lt\u00e4<\/a>.<\/p>\n","protected":false},"excerpt":{"rendered":"<p>Euroopan mets\u00e4stysj\u00e4rjest\u00f6jen kattoj\u00e4rjest\u00f6n FACE:n suurpetoty\u00f6ryhm\u00e4 osallistui 15 toukokuuta Brysseliss\u00e4 pidettyyn&nbsp;suden ja kotiel\u00e4intalouden konfliktia k\u00e4sittelev\u00e4\u00e4n konferenssiin europarlamentissa. Suomen mets\u00e4st\u00e4j\u00e4liiton Facebook-p\u00e4ivityksen mukaan: &#8221;Ymp\u00e4rist\u00f6komissaari Karmenu Vellan aloituspuheenvuoro her\u00e4tti \u00e4\u00e4nekk\u00e4it\u00e4 vastalauseita tiukempaa suurpetokontrollia kannattavien joukosta.&#8221; Aloituspuheenvuoron sis\u00e4lt\u00f6\u00e4 ei sen kummemmin tuotu julki. Mit\u00e4 Vella siis itse asiassa sanoi suututtaessaan osan kuulijoista? Seuraavassa muutamia poimintoja puheen keskeisist\u00e4 teemoista. Komissaari esitti [&hellip;]<\/p>\n","protected":false},"author":2,"featured_media":1200,"comment_status":"closed","ping_status":"open","sticky":false,"template":"","format":"standard","meta":{"ngg_post_thumbnail":0,"footnotes":""},"categories":[16,10,8,12,3],"tags":[159,156,161,157,160,26,158],"class_list":["post-2350","post","type-post","status-publish","format-standard","has-post-thumbnail","hentry","category-ajankohtaista","category-blogit","category-juridiikka","category-sari","category-susi","tag-eu","tag-komissio","tag-konferenssi","tag-larmenu-vella","tag-luontodirektiivi","tag-susi-2","tag-tiukasti-suojeltu"],"_links":{"self":[{"href":"https:\/\/tapiolary.com\/index.php?rest_route=\/wp\/v2\/posts\/2350","targetHints":{"allow":["GET"]}}],"collection":[{"href":"https:\/\/tapiolary.com\/index.php?rest_route=\/wp\/v2\/posts"}],"about":[{"href":"https:\/\/tapiolary.com\/index.php?rest_route=\/wp\/v2\/types\/post"}],"author":[{"embeddable":true,"href":"https:\/\/tapiolary.com\/index.php?rest_route=\/wp\/v2\/users\/2"}],"replies":[{"embeddable":true,"href":"https:\/\/tapiolary.com\/index.php?rest_route=%2Fwp%2Fv2%2Fcomments&post=2350"}],"version-history":[{"count":4,"href":"https:\/\/tapiolary.com\/index.php?rest_route=\/wp\/v2\/posts\/2350\/revisions"}],"predecessor-version":[{"id":2354,"href":"https:\/\/tapiolary.com\/index.php?rest_route=\/wp\/v2\/posts\/2350\/revisions\/2354"}],"wp:featuredmedia":[{"embeddable":true,"href":"https:\/\/tapiolary.com\/index.php?rest_route=\/wp\/v2\/media\/1200"}],"wp:attachment":[{"href":"https:\/\/tapiolary.com\/index.php?rest_route=%2Fwp%2Fv2%2Fmedia&parent=2350"}],"wp:term":[{"taxonomy":"category","embeddable":true,"href":"https:\/\/tapiolary.com\/index.php?rest_route=%2Fwp%2Fv2%2Fcategories&post=2350"},{"taxonomy":"post_tag","embeddable":true,"href":"https:\/\/tapiolary.com\/index.php?rest_route=%2Fwp%2Fv2%2Ftags&post=2350"}],"curies":[{"name":"wp","href":"https:\/\/api.w.org\/{rel}","templated":true}]}}