{"id":1966,"date":"2017-12-11T18:35:04","date_gmt":"2017-12-11T18:35:04","guid":{"rendered":"http:\/\/tapiolary.com\/?p=1966"},"modified":"2018-04-03T06:37:28","modified_gmt":"2018-04-03T06:37:28","slug":"susireservaatista-paivaa-miten-suomi-asemoituu-euroopan-susikehitykseen","status":"publish","type":"post","link":"https:\/\/tapiolary.com\/?p=1966","title":{"rendered":"Susireservaatista p\u00e4iv\u00e4\u00e4"},"content":{"rendered":"<p>&#8221;Suomesta tehd\u00e4\u00e4n euroopan susireservaattia!&#8221;<br \/>\n&#8221;On vain ajan kysymys&#8230;&#8221;<br \/>\n&#8221;Kanta r\u00e4j\u00e4ht\u00e4\u00e4 k\u00e4siin&#8221;<br \/>\n&#8221;Sutta pit\u00e4\u00e4 mets\u00e4st\u00e4\u00e4, vain niin saavutetaan hyv\u00e4ksynt\u00e4&#8221;<br \/>\n&#8221;Ellei voida tappaa luvalla, astuu voimaan korpilaki&#8221;<\/p>\n<p><a href=\"https:\/\/tapiolary.com\/wp-content\/uploads\/2017\/12\/screenshot.1512731761.jpg\"><img loading=\"lazy\" decoding=\"async\" class=\"alignright size-medium wp-image-1967\" src=\"https:\/\/tapiolary.com\/wp-content\/uploads\/2017\/12\/screenshot.1512731761-300x171.jpg\" alt=\"screenshot.1512731761\" width=\"300\" height=\"171\" srcset=\"https:\/\/tapiolary.com\/wp-content\/uploads\/2017\/12\/screenshot.1512731761-300x171.jpg 300w, https:\/\/tapiolary.com\/wp-content\/uploads\/2017\/12\/screenshot.1512731761-768x437.jpg 768w, https:\/\/tapiolary.com\/wp-content\/uploads\/2017\/12\/screenshot.1512731761-1024x583.jpg 1024w, https:\/\/tapiolary.com\/wp-content\/uploads\/2017\/12\/screenshot.1512731761.jpg 1150w\" sizes=\"auto, (max-width: 300px) 100vw, 300px\" \/><\/a>Kuulostaako tutulta? Niin minustakin. Korpilain ymm\u00e4rt\u00e4minen rikollisuudesta salonkikelpoiseksi argumentiksi on muutaman viimeksi kuluneen vuoden aikana tuottanut yhteen perheeseen jopa parikin v\u00e4it\u00f6skirjaa, joten ei sin\u00e4ll\u00e4\u00e4n ihan turhaa huutoa. Itse inspiroiduin kuitenkin historian havinasta tulevaisuutta ennustelevaa <a href=\"https:\/\/tapiolary.com\/?p=1926\">v\u00e4it\u00f6skirjaa<\/a> enemm\u00e4n Jahti lehdess\u00e4 julkaistusta artikkelista, jonka mukaan &#8221;Eurosudella kulkee lujaa&#8221;.\u00a0\u00a0T\u00e4m\u00e4 siksi, ett\u00e4 artikkeli sis\u00e4lsi selke\u00e4sti mitattavia suureita. Viime vuosien kannankehityst\u00e4 eri maissa. Aikajatkumo oli vallan lyhyt, vain 7 vuotta, joskin siit\u00e4kin selvisi jo eritt\u00e4in hyvin kenen ansiota t\u00e4m\u00e4 hyvin pyyhkiminen ei ainakaan ole. Susikannan koolla mitattuna h\u00e4nt\u00e4p\u00e4\u00e4t\u00e4 pitiv\u00e4t pohjoisen suhteellisen harvaan asutut valtiot sen sijaan keskeisen euroopan tihe\u00e4sti asutuista valtioista osa n\u00e4ytt\u00e4isi tulevan ihan kohtuullisesti toimeen susiensa kanssa. Osa jopa niin, ett\u00e4 laji oikeasti on saatu palautettua maan kartalle l\u00e4hes nollatilanteesta.<\/p>\n<p>Aihealue avautui sen verran mielenkiintoisena, ett\u00e4 piti ryhty\u00e4 kaivelemaan tietoa siit\u00e4 mit\u00e4 n\u00e4iss\u00e4 maissa on oikeasti tapahtunut. Aarrearkku aukesi kun Google, tuo tiedonetsij\u00e4n paras kaveri, lykk\u00e4si eteen Luigi Boitanin EU-komissiolle vuonna 2000 koostaman raportin siit\u00e4 mit\u00e4 susikannan tilan kohentamiseksi olisi syyt\u00e4 tehd\u00e4. Dokumentissa on suorastaan erinomaiset taulukkoliitteet, joihin k\u00e4kkyr\u00e4fanin on helppo uppoutua p\u00e4ivakausiksi. Yhdistettyn\u00e4 t\u00e4m\u00e4n p\u00e4iv\u00e4n lukuihin sadaan jonkinlaista osviitta siit\u00e4 mit\u00e4 tuolla sektorilla on viimeisen 17 vuoden aikana tapahtunut ja millaisin ev\u00e4in kussakin maassa on lajisuojeluun l\u00e4hdetty.<\/p>\n<p>Ihan v\u00e4litt\u00f6m\u00e4sti aineistosta suorastaan hy\u00f6kk\u00e4\u00e4 silmille Saksa, joka on tarkastelun maista v\u00e4kirikkain ja onnistunut aikav\u00e4lill\u00e4 nostamaan susikantansa viidest\u00e4 yksil\u00f6st\u00e4 nykyiseen noin kuuteensataan yksil\u00f6\u00f6n ja n\u00e4in ollen suhdelukuna ilmaistuna yli satakertaistanut susikantansa. Onko Saksassa mets\u00e4stetty sutta? Ei ole. Onko saksa ollut salamets\u00e4styksest\u00e4 vapaa? Ei suinkaan. Vuoden 2000 tietojen mukaan salamets\u00e4stys on ollut jopa merkitt\u00e4v\u00e4\u00e4 silloiseen susikantaan suhteutettuna. Mit\u00e4 siell\u00e4 sitten on tehty? Saksassa susi on ollut t\u00e4yssuojeltu ja lajin hallinnointi ymp\u00e4rist\u00f6hallinnon alaisuudessa. Ent\u00e4s sitten se merkitt\u00e4v\u00e4 salamets\u00e4stys? Siihen ei t\u00e4m\u00e4n aineiston perusteella oikeastan voi vastata muutoin kuin sen osalta, ett\u00e4 maissa, Saksa mukaan lukien, joissa susikannasta on onnistuttu huolehtimaan niin, ett\u00e4 kehitys on ollut kasvusuuntainen on jo tuolloin ennen vuotta 2000 kyetty ongelma rehellisesti tunnistamaan. Muita yhteisi\u00e4 tekij\u00f6it\u00e4 n\u00e4ill\u00e4 kasvusuhdanteen k\u00e4rkimailla on se, ett\u00e4 suden mets\u00e4styst\u00e4 ei ole sallittu ja lajista vastaa ymp\u00e4rist\u00f6hallinto.<\/p>\n<p>Ent\u00e4p\u00e4 sitten se susireservaatti&#8230;no se on sellainen v\u00e4ite joka erityisesti t\u00e4\u00e4lt\u00e4 pohjolan perukoilta huudellen ja asiaa muuhun Eurooppaan suhteuttaen kuulostaa l\u00e4hinn\u00e4 k\u00e4nnisen \u00f6lin\u00e4lt\u00e4 vailla mink\u00e4\u00e4nlaista katetta, eik\u00e4 sit\u00e4 suuta tuohon suuntaan kannata avata edes kovasti susipolitiikkansa puolesta ihannoiduissa baltian maissa, jotka loistavat susikannan kehityksen h\u00e4nt\u00e4p\u00e4\u00e4ss\u00e4. Ai niin mutta olihan n\u00e4ill\u00e4 per\u00e4n pit\u00e4jill\u00e4kin jotain yhteisi\u00e4 tekij\u00f6it\u00e4&#8230;. niiss\u00e4 suden mets\u00e4stys on ollut sallittu, salamets\u00e4styst\u00e4 ei esiinny tai sit\u00e4 ei ole ilmoitettu ja lajin hallinnointi on &#8221;sekaministeri\u00f6iden&#8221; alaisuudessa&#8230;.ja ovat asukastiheydelt\u00e4\u00e4n suhteellisen v\u00e4h\u00e4v\u00e4kisi\u00e4.<\/p>\n<p>Btw&#8230;jo Boitanin dokumentissa todettiin, ett\u00e4 &#8221;If wolves are not accepted, a lobby against wolves will be started<br \/>\nand wolves will be illegally killed&#8221;. Syyksi t\u00e4h\u00e4n tarjottiin l\u00e4hinn\u00e4 saalikateutta, joka on niin ik\u00e4\u00e4n Suomessa kovasti kiistetty yksityiskohta. Lienee selv\u00e4\u00e4, ett\u00e4 syyt ilmi\u00f6\u00f6n ovat mit\u00e4 moninaisemmat. Niist\u00e4 harvoista virallisista asiakirjoista, joita aiheen tiimoilta on saatavissa on kuitenkin p\u00e4\u00e4telt\u00e4viss\u00e4, ett\u00e4 ei t\u00e4m\u00e4 vierasta Suomessakaan ole. Ainakin Perhon pojat nostivat poliiskuulustelussa syyn ehk\u00e4 kaikkein keskeisimm\u00e4ksi ennen kuin l\u00f6ysiv\u00e4t ymp\u00e4rilleen ymm\u00e4rt\u00e4jien joukon ja aivoriihi keksi sepitelm\u00e4n sekuleista.<\/p>\n<p><a href=\"https:\/\/tapiolary.com\/wp-content\/uploads\/2017\/12\/screenshot.1513016460.jpg\"><img loading=\"lazy\" decoding=\"async\" class=\"alignright size-medium wp-image-1968\" src=\"https:\/\/tapiolary.com\/wp-content\/uploads\/2017\/12\/screenshot.1513016460-300x211.jpg\" alt=\"screenshot.1513016460\" width=\"300\" height=\"211\" srcset=\"https:\/\/tapiolary.com\/wp-content\/uploads\/2017\/12\/screenshot.1513016460-300x211.jpg 300w, https:\/\/tapiolary.com\/wp-content\/uploads\/2017\/12\/screenshot.1513016460-768x540.jpg 768w, https:\/\/tapiolary.com\/wp-content\/uploads\/2017\/12\/screenshot.1513016460.jpg 948w\" sizes=\"auto, (max-width: 300px) 100vw, 300px\" \/><\/a>Jo t\u00e4m\u00e4nhetkisen pikaisen tarkastelun valossa on kuitenkin kohtalaisen selv\u00e4\u00e4, ett\u00e4 mets\u00e4st\u00e4m\u00e4ll\u00e4 susikantaa ei suosta nosteta. Jotain hivenen innovatiivisempaa olisi syyt\u00e4 keksi\u00e4 tai sitten vaan n\u00f6yr\u00e4sti k\u00e4yd\u00e4 lakki kourassa kysym\u00e4ss\u00e4 saksalaisilta, ett\u00e4 miten te t\u00e4n teitte. &#8221;Hunters attitude matters&#8221;, sit\u00e4 ei k\u00e4y kiist\u00e4minen. Sill\u00e4 ei kuitenkaan ole kaiken kattavaa merkityst\u00e4 ellei hallinnollinen rakenne ole sellainen, ett\u00e4 se asenne valuu ruikulin tavoin ylh\u00e4\u00e4lt\u00e4 alasp\u00e4in.<\/p>\n<p>Jo t\u00e4m\u00e4n pikaisen tarkastelun perusteella on varsin ilmeist\u00e4 mink\u00e4 vuoksi susivastainen lobbaus\u00a0pohjoismaista kohdentuu varsin voimakkaasti juuri Saksaan ja Ranskaan.<\/p>\n<p>Min\u00e4 jatkan k\u00e4kkyr\u00e4npy\u00f6rittely\u00e4 ja asiaan varmasti viel\u00e4 palataan.<\/p>\n<p>.<\/p>\n","protected":false},"excerpt":{"rendered":"<p>&#8221;Suomesta tehd\u00e4\u00e4n euroopan susireservaattia!&#8221; &#8221;On vain ajan kysymys&#8230;&#8221; &#8221;Kanta r\u00e4j\u00e4ht\u00e4\u00e4 k\u00e4siin&#8221; &#8221;Sutta pit\u00e4\u00e4 mets\u00e4st\u00e4\u00e4, vain niin saavutetaan hyv\u00e4ksynt\u00e4&#8221; &#8221;Ellei voida tappaa luvalla, astuu voimaan korpilaki&#8221; Kuulostaako tutulta? Niin minustakin. Korpilain ymm\u00e4rt\u00e4minen rikollisuudesta salonkikelpoiseksi argumentiksi on muutaman viimeksi kuluneen vuoden aikana tuottanut yhteen perheeseen jopa parikin v\u00e4it\u00f6skirjaa, joten ei sin\u00e4ll\u00e4\u00e4n ihan turhaa huutoa. Itse inspiroiduin kuitenkin [&hellip;]<\/p>\n","protected":false},"author":3,"featured_media":1968,"comment_status":"closed","ping_status":"open","sticky":false,"template":"","format":"standard","meta":{"ngg_post_thumbnail":0,"footnotes":""},"categories":[1],"tags":[],"class_list":["post-1966","post","type-post","status-publish","format-standard","has-post-thumbnail","hentry","category-uncategorized"],"_links":{"self":[{"href":"https:\/\/tapiolary.com\/index.php?rest_route=\/wp\/v2\/posts\/1966","targetHints":{"allow":["GET"]}}],"collection":[{"href":"https:\/\/tapiolary.com\/index.php?rest_route=\/wp\/v2\/posts"}],"about":[{"href":"https:\/\/tapiolary.com\/index.php?rest_route=\/wp\/v2\/types\/post"}],"author":[{"embeddable":true,"href":"https:\/\/tapiolary.com\/index.php?rest_route=\/wp\/v2\/users\/3"}],"replies":[{"embeddable":true,"href":"https:\/\/tapiolary.com\/index.php?rest_route=%2Fwp%2Fv2%2Fcomments&post=1966"}],"version-history":[{"count":8,"href":"https:\/\/tapiolary.com\/index.php?rest_route=\/wp\/v2\/posts\/1966\/revisions"}],"predecessor-version":[{"id":2239,"href":"https:\/\/tapiolary.com\/index.php?rest_route=\/wp\/v2\/posts\/1966\/revisions\/2239"}],"wp:featuredmedia":[{"embeddable":true,"href":"https:\/\/tapiolary.com\/index.php?rest_route=\/wp\/v2\/media\/1968"}],"wp:attachment":[{"href":"https:\/\/tapiolary.com\/index.php?rest_route=%2Fwp%2Fv2%2Fmedia&parent=1966"}],"wp:term":[{"taxonomy":"category","embeddable":true,"href":"https:\/\/tapiolary.com\/index.php?rest_route=%2Fwp%2Fv2%2Fcategories&post=1966"},{"taxonomy":"post_tag","embeddable":true,"href":"https:\/\/tapiolary.com\/index.php?rest_route=%2Fwp%2Fv2%2Ftags&post=1966"}],"curies":[{"name":"wp","href":"https:\/\/api.w.org\/{rel}","templated":true}]}}