{"id":1820,"date":"2017-08-16T16:07:42","date_gmt":"2017-08-16T16:07:42","guid":{"rendered":"http:\/\/tapiolary.com\/?p=1820"},"modified":"2018-04-03T02:16:41","modified_gmt":"2018-04-03T02:16:41","slug":"sudenmaa-teoksilla-varoja-suden-suojelutyohon","status":"publish","type":"post","link":"https:\/\/tapiolary.com\/?p=1820","title":{"rendered":"Sudenmaa-teoksilla varoja suden suojeluty\u00f6h\u00f6n"},"content":{"rendered":"<p style=\"text-align: justify;\"><span style=\"font-family: Calibri, sans-serif;\"><span style=\"font-size: medium;\"><strong><span style=\"color: #333333;\"><b>Sudenmaa<\/b><\/span><\/strong><span style=\"color: #333333;\">-n\u00e4yttelyn teokset ovat nyt myynniss\u00e4 osoitteessa\u00a0<\/span><a href=\"https:\/\/holvi.com\/shop\/tapiolary\/section\/sudenmaa-teokset\/\"><span style=\"color: #9db668;\">https:\/\/holvi.com\/shop\/tapiolary\/section\/sudenmaa-teokset\/<\/span><\/a><span style=\"color: #333333;\">. Teosten tuotosta menee 20% Luonnonsuojeluliitto Tapiola ry:n suden suojeluty\u00f6h\u00f6n.<\/span> <\/span><\/span><\/p>\n<figure id=\"attachment_1828\" aria-describedby=\"caption-attachment-1828\" style=\"width: 199px\" class=\"wp-caption alignleft\"><a href=\"https:\/\/tapiolary.com\/wp-content\/uploads\/2017\/08\/POY...kuva1_holviin.jpg\"><img loading=\"lazy\" decoding=\"async\" class=\"size-medium wp-image-1828\" src=\"https:\/\/tapiolary.com\/wp-content\/uploads\/2017\/08\/POY...kuva1_holviin-199x300.jpg\" alt=\"&quot;POY_001:n muistolle&quot;\" width=\"199\" height=\"300\" srcset=\"https:\/\/tapiolary.com\/wp-content\/uploads\/2017\/08\/POY...kuva1_holviin-199x300.jpg 199w, https:\/\/tapiolary.com\/wp-content\/uploads\/2017\/08\/POY...kuva1_holviin-768x1156.jpg 768w, https:\/\/tapiolary.com\/wp-content\/uploads\/2017\/08\/POY...kuva1_holviin-681x1024.jpg 681w, https:\/\/tapiolary.com\/wp-content\/uploads\/2017\/08\/POY...kuva1_holviin.jpg 1262w\" sizes=\"auto, (max-width: 199px) 100vw, 199px\" \/><\/a><figcaption id=\"caption-attachment-1828\" class=\"wp-caption-text\">&#8221;POY_001:n muistolle&#8221;<\/figcaption><\/figure>\n<p style=\"text-align: justify;\"><span style=\"color: #333333;\">\u201d<\/span><em><span style=\"color: #333333;\"><span style=\"font-family: Calibri, sans-serif;\"><span style=\"font-size: medium;\">Halusimme osaltamme tukea sudensuojelua ja Tapiola paikallisena ruohonjuuritason toimijana oli luonteva valinta yhteisty\u00f6h\u00f6n<\/span><\/span><\/span><\/em><span style=\"color: #333333;\"><span style=\"font-family: Calibri, sans-serif;\"><span style=\"font-size: medium;\">.\u201d &#8211; n\u00e4yttelyn ideoija, kuvanveist\u00e4j\u00e4\u00a0<\/span><\/span><\/span><strong><span style=\"color: #333333;\"><span style=\"font-family: Calibri, sans-serif;\"><span style=\"font-size: medium;\"><b>Riitta Kopra<\/b><\/span><\/span><\/span><\/strong><span style=\"color: #333333;\"><span style=\"font-family: Calibri, sans-serif;\"><span style=\"font-size: medium;\">\u00a0kertoo.<\/span><\/span><\/span><\/p>\n<p style=\"text-align: justify;\"><span style=\"font-family: Calibri, sans-serif;\"><span style=\"font-size: medium;\"><span style=\"color: #000000;\">Kopran ja\u00a0<\/span><strong><span style=\"color: #000000;\"><b>Pilvi Ojalan<\/b><\/span><\/strong><span style=\"color: #000000;\">\u00a0yhteinen Sudenmaa-taiden\u00e4yttely sai alkunsa Kopran aloitteesta. Kopra asuu Rengon susireviirill\u00e4 miehens\u00e4, kahden lapsen ja el\u00e4intens\u00e4 kanssa ja on seurannut susiaihetta aktiivisesti susien ilmaannuttua Renkoon vuonna 2015.\u00a0<\/span><\/span><\/span><\/p>\n<p style=\"text-align: justify;\"><span style=\"font-family: Calibri, sans-serif;\"><span style=\"font-size: medium;\"><span style=\"color: #000000;\"><strong>Kopra on kiinnostunut siit\u00e4, millaisia reaktioita sudet ovat saaneet ihmisiss\u00e4 aikaan ja millaista on olla susi. Esille on noussut kysymys, onko ihmisell\u00e4, joka haluaa el\u00e4\u00e4 rinnakkain susien kanssa eik\u00e4 halua niit\u00e4 tapettavan, mit\u00e4\u00e4n vaikutusmahdollisuuksia asioihin.<\/strong>\u00a0<\/span><\/span><\/span><\/p>\n<p style=\"text-align: justify;\"><span style=\"font-family: Calibri, sans-serif;\"><span style=\"font-size: medium;\"><span style=\"color: #000000;\">Taidemaalari- ja graafikko Pilvi Ojala on tehnyt aiemmin luontoon ja el\u00e4imiin liittyvi\u00e4 teoksia ja yhteisten taideprojektien my\u00f6t\u00e4 Ojala oli Kopran mukaan luonteva valinta n\u00e4yttelyn toiseksi taiteilijaksi.<\/span><\/span><\/span><\/p>\n<p style=\"text-align: justify;\"><span style=\"color: #333333;\"><span style=\"font-family: Calibri, sans-serif;\"><span style=\"font-size: medium;\">Taiden\u00e4yttelyn avajaisia vietettiin 29.7.2017 ja avajaisten yhteydess\u00e4 Luonnonsuojeluliitto Tapiolan\u00a0<\/span><\/span><\/span><strong><span style=\"color: #333333;\"><span style=\"font-family: Calibri, sans-serif;\"><span style=\"font-size: medium;\"><b>Ake Halttunen<\/b><\/span><\/span><\/span><\/strong><span style=\"color: #333333;\"><span style=\"font-family: Calibri, sans-serif;\"><span style=\"font-size: medium;\">\u00a0piti \u201dSuden el\u00e4m\u00e4\u201d -asiantuntijaluennon perehdytt\u00e4m\u00e4ll\u00e4 kuulijat lajin biologiaan.<\/span><\/span><\/span><\/p>\n<figure id=\"attachment_1827\" aria-describedby=\"caption-attachment-1827\" style=\"width: 200px\" class=\"wp-caption alignright\"><a href=\"https:\/\/tapiolary.com\/wp-content\/uploads\/2017\/08\/ja-jumala-loi...-kuva-1_holviin.jpg\"><img loading=\"lazy\" decoding=\"async\" class=\"size-medium wp-image-1827\" src=\"https:\/\/tapiolary.com\/wp-content\/uploads\/2017\/08\/ja-jumala-loi...-kuva-1_holviin-200x300.jpg\" alt=\"&quot;Ja Jumala loi...&quot;\" width=\"200\" height=\"300\" srcset=\"https:\/\/tapiolary.com\/wp-content\/uploads\/2017\/08\/ja-jumala-loi...-kuva-1_holviin-200x300.jpg 200w, https:\/\/tapiolary.com\/wp-content\/uploads\/2017\/08\/ja-jumala-loi...-kuva-1_holviin-768x1152.jpg 768w, https:\/\/tapiolary.com\/wp-content\/uploads\/2017\/08\/ja-jumala-loi...-kuva-1_holviin-683x1024.jpg 683w, https:\/\/tapiolary.com\/wp-content\/uploads\/2017\/08\/ja-jumala-loi...-kuva-1_holviin.jpg 1456w\" sizes=\"auto, (max-width: 200px) 100vw, 200px\" \/><\/a><figcaption id=\"caption-attachment-1827\" class=\"wp-caption-text\">&#8221;Ja Jumala loi&#8230;&#8221;<\/figcaption><\/figure>\n<p style=\"text-align: justify;\"><span style=\"color: #333333;\"><span style=\"font-family: Calibri, sans-serif;\"><span style=\"font-size: medium;\">N\u00e4yttelyn koskettavimpia teoksia ovat pronssiset muistolaatat alkuvuodesta 2017 poikkeusluvilla Rengossa tapettujen susien muistolle, sek\u00e4 n\u00e4ytt\u00e4v\u00e4 oikean suden kokoinen teos \u201d<\/span><\/span><\/span><em><span style=\"color: #333333;\"><span style=\"font-family: Calibri, sans-serif;\"><span style=\"font-size: medium;\">Ja Jumala loi<\/span><\/span><\/span><\/em><span style=\"color: #333333;\"><span style=\"font-family: Calibri, sans-serif;\"><span style=\"font-size: medium;\">\u201d. Ojalan \u201dCanis Lupus\u201d sopisi erinomaisesti vaikkapa koulun luokkahuoneen sein\u00e4\u00e4 koristamaan. Teoksissa on k\u00e4ytetty erilaisia tekniikoita ja materiaaleja pronssista hamppuun.<\/span><\/span><\/span><\/p>\n<p style=\"text-align: justify;\"><span style=\"color: #333333;\"><span style=\"font-family: Calibri, sans-serif;\"><span style=\"font-size: medium;\">Sudenmaa-n\u00e4yttely on esill\u00e4 H\u00e4meenlinnassa Galleria Kummituksessa viel\u00e4 kahden viikonlopun ajan perjantaista sunnuntaihin klo 12-17.<\/span><\/span><\/span><\/p>\n<p><span style=\"color: #333333;\"><span style=\"font-family: Calibri, sans-serif;\"><span style=\"font-size: medium;\">Lis\u00e4tietoja n\u00e4yttelyst\u00e4 ja teoksista:<\/span><\/span><\/span><\/p>\n<p><span style=\"color: #333333;\"><span style=\"font-family: Calibri, sans-serif;\"><span style=\"font-size: medium;\">Riitta Kopra\u00a0(Galleria Kummitus) 0400 938 508, riittakopra@hotmail.com,\u00a0<\/span><\/span><\/span><a href=\"http:\/\/riittakopra.nettisivu.org\/\" target=\"_blank\" rel=\"noopener\"><span style=\"color: #9db668;\"><span style=\"font-family: Calibri, sans-serif;\"><span style=\"font-size: medium;\">riittakopra.nettisivu.org<\/span><\/span><\/span><\/a><\/p>\n<p><span style=\"color: #333333;\"><span style=\"font-family: Calibri, sans-serif;\"><span style=\"font-size: medium;\">Pilvi Ojala,\u00a0<\/span><\/span><\/span><a href=\"http:\/\/pilviojala.com\/\" target=\"_blank\" rel=\"noopener\"><span style=\"color: #9db668;\"><span style=\"font-family: Calibri, sans-serif;\"><span style=\"font-size: medium;\">pilviojala.com<\/span><\/span><\/span><\/a><\/p>\n<p><span style=\"color: #333333;\"><span style=\"font-family: Calibri, sans-serif;\"><span style=\"font-size: medium;\">Reija Laurila (Luonnonsuojeluliitto Tapiola) 040 9603 725, info@tapiolary.com,\u00a0<\/span><\/span><\/span><a href=\"http:\/\/www.tapiolary.com\/\" target=\"_blank\" rel=\"noopener\"><span style=\"color: #9db668;\"><span style=\"font-family: Calibri, sans-serif;\"><span style=\"font-size: medium;\">www.tapiolary.com<\/span><\/span><\/span><\/a><\/p>\n<p><span style=\"color: #333333;\"><span style=\"font-family: Calibri, sans-serif;\"><span style=\"font-size: medium;\">Sudenmaa-teokset LSL Tapiolan nettikaupassa:<\/span><\/span><\/span><\/p>\n<p><a href=\"https:\/\/holvi.com\/shop\/tapiolary\/section\/sudenmaa-teokset\/\"><span style=\"color: #9db668;\"><span style=\"font-family: Calibri, sans-serif;\"><span style=\"font-size: medium;\">https:\/\/holvi.com\/shop\/tapiolary\/section\/sudenmaa-teokset\/<\/span><\/span><\/span><\/a><\/p>\n<p style=\"text-align: justify;\">\n","protected":false},"excerpt":{"rendered":"<p>Sudenmaa-n\u00e4yttelyn teokset ovat nyt myynniss\u00e4 osoitteessa\u00a0https:\/\/holvi.com\/shop\/tapiolary\/section\/sudenmaa-teokset\/. Teosten tuotosta menee 20% Luonnonsuojeluliitto Tapiola ry:n suden suojeluty\u00f6h\u00f6n. \u201dHalusimme osaltamme tukea sudensuojelua ja Tapiola paikallisena ruohonjuuritason toimijana oli luonteva valinta yhteisty\u00f6h\u00f6n.\u201d &#8211; n\u00e4yttelyn ideoija, kuvanveist\u00e4j\u00e4\u00a0Riitta Kopra\u00a0kertoo. Kopran ja\u00a0Pilvi Ojalan\u00a0yhteinen Sudenmaa-taiden\u00e4yttely sai alkunsa Kopran aloitteesta. Kopra asuu Rengon susireviirill\u00e4 miehens\u00e4, kahden lapsen ja el\u00e4intens\u00e4 kanssa ja on seurannut susiaihetta [&hellip;]<\/p>\n","protected":false},"author":4,"featured_media":1823,"comment_status":"closed","ping_status":"open","sticky":false,"template":"","format":"standard","meta":{"ngg_post_thumbnail":0,"footnotes":""},"categories":[16,24],"tags":[106,26,107],"class_list":["post-1820","post","type-post","status-publish","format-standard","has-post-thumbnail","hentry","category-ajankohtaista","category-tiedotteet","tag-sudenmaa","tag-susi-2","tag-taidenayttely"],"_links":{"self":[{"href":"https:\/\/tapiolary.com\/index.php?rest_route=\/wp\/v2\/posts\/1820","targetHints":{"allow":["GET"]}}],"collection":[{"href":"https:\/\/tapiolary.com\/index.php?rest_route=\/wp\/v2\/posts"}],"about":[{"href":"https:\/\/tapiolary.com\/index.php?rest_route=\/wp\/v2\/types\/post"}],"author":[{"embeddable":true,"href":"https:\/\/tapiolary.com\/index.php?rest_route=\/wp\/v2\/users\/4"}],"replies":[{"embeddable":true,"href":"https:\/\/tapiolary.com\/index.php?rest_route=%2Fwp%2Fv2%2Fcomments&post=1820"}],"version-history":[{"count":22,"href":"https:\/\/tapiolary.com\/index.php?rest_route=\/wp\/v2\/posts\/1820\/revisions"}],"predecessor-version":[{"id":2222,"href":"https:\/\/tapiolary.com\/index.php?rest_route=\/wp\/v2\/posts\/1820\/revisions\/2222"}],"wp:featuredmedia":[{"embeddable":true,"href":"https:\/\/tapiolary.com\/index.php?rest_route=\/wp\/v2\/media\/1823"}],"wp:attachment":[{"href":"https:\/\/tapiolary.com\/index.php?rest_route=%2Fwp%2Fv2%2Fmedia&parent=1820"}],"wp:term":[{"taxonomy":"category","embeddable":true,"href":"https:\/\/tapiolary.com\/index.php?rest_route=%2Fwp%2Fv2%2Fcategories&post=1820"},{"taxonomy":"post_tag","embeddable":true,"href":"https:\/\/tapiolary.com\/index.php?rest_route=%2Fwp%2Fv2%2Ftags&post=1820"}],"curies":[{"name":"wp","href":"https:\/\/api.w.org\/{rel}","templated":true}]}}