{"id":1350,"date":"2016-09-16T11:24:59","date_gmt":"2016-09-16T11:24:59","guid":{"rendered":"http:\/\/tapiolary.com\/?p=1350"},"modified":"2016-09-16T11:55:21","modified_gmt":"2016-09-16T11:55:21","slug":"kun-tieto-ei-sisalla-sellaista-mita-sen-ei-pitaisikaan-sisaltaa","status":"publish","type":"post","link":"https:\/\/tapiolary.com\/?p=1350","title":{"rendered":"Kun tieto ei sis\u00e4ll\u00e4 sellaista mit\u00e4 sen ei pit\u00e4isik\u00e4\u00e4n sis\u00e4lt\u00e4\u00e4&#8230;"},"content":{"rendered":"<p>Tapiolan nettisivulla julkaistiin 15.9 pieni katsaus <a href=\"https:\/\/tapiolary.com\/?page_id=1330\">vuoden 2015 suden aiheuttamiin vahinkoihin<\/a>, jotka korvataan valtion varoista. Juttu l\u00e4hti kiert\u00e4m\u00e4\u00e4n sosiaalista mediaan niin kuin sen oli toki tarkoituskin. Ilmeist\u00e4 kuitenkin on, ett\u00e4 tietoa ei koettu mielekk\u00e4\u00e4ksi, koska siit\u00e4 ei mill\u00e4\u00e4n tavalla summaillen saa aikaiseksi miljoonavahinkoja. Jutun on pakko olla propagandaa. Siit\u00e4 puuttuu tapauksia, tieto on virheellist\u00e4, siit\u00e4 puuttuu jonkun muun instanssin maksamia korvauksia. se on terrorismia ja ellei ole niin ainakin mit\u00e4 suurinta anarkiaa. Tapiola on tunteeton, eik\u00e4 v\u00e4lit\u00e4 suden aiheuttamasta ahdistuksesta&#8230;joka kaiketi varmaan paranisikin sill\u00e4, ett\u00e4 yhdyt\u00e4\u00e4n kuoroon huutamaan miljoonavahingoista. Vai miten se menik\u00e4\u00e4n?<\/p>\n<p>Tieto, mihin julkaisu perustuu on Maa-ja Mets\u00e4talousministeri\u00f6st\u00e4 saatu excellmuotoinen yhteenveto korvausp\u00e4\u00e4t\u00f6ksist\u00e4, mist\u00e4 henkil\u00f6tiedot on poistettu. Valtion maksamista riistavahinkolain mukaisista korvauksista on vaikea kuvitella mist\u00e4\u00e4n l\u00f6ytyv\u00e4t juuri sen kattavampaa ja luotettavampaa tietol\u00e4hdett\u00e4. Miksi sielt\u00e4 siten puuttuvat mm. vakuutusyhti\u00f6iden maksamat korvaukset? Tarvitseeko vastata?<\/p>\n<p>Kaiken varalta vastaan kuitenkin. Ne puuttuvat sielt\u00e4 siksi, ett\u00e4 niit\u00e4 ei korvata valtion varoista. Jos min\u00e4 olisin ensin kertonut kyseess\u00e4 olevan riistavahinkolain mukaan korvattavat vahingot ja sen j\u00e4lkeen listannut sinne vakuutuskorvaukset, olisi kyseess\u00e4 ollut se nimenomainen propaganda ja tietojen v\u00e4\u00e4ristely. Vakuutusyhti\u00f6t nimitt\u00e4in maksavat korvauksia asiakkaan kanssa tekem\u00e4ns\u00e4 sopimuksen nojalla, eiv\u00e4t riistavahinkolain. N\u00e4m\u00e4 eiv\u00e4t my\u00f6sk\u00e4\u00e4n ole pois valtion kassasta, eiv\u00e4tk\u00e4 n\u00e4in ollen rasita julkista taloutta. N\u00e4m\u00e4 ovat vakuutusyhti\u00f6n harjoittamaa liiketoimintaa. Se kauppatavara, mit\u00e4 vakutuusyhti\u00f6t ihmisille myyv\u00e4t. Korvauksia silloin jos sattuu vahinko.<\/p>\n<p>Ent\u00e4p\u00e4 sitten virheellinen tieto, propaganda, terrorismi, anarkismi&#8230; Kyll\u00e4, jos Maa- ja mets\u00e4talousministeri\u00f6 perustaa toimintansa n\u00e4ilt\u00e4 osin virheelliseen tietoon, on t\u00e4m\u00e4 virhe luonnollisesti siirtynyt my\u00f6s Tapiolan julkaisuun. Virheen mahdollisuuksia on toki my\u00f6s muita. Kun ATK-avusteisesti k\u00e4sitell\u00e4\u00e4n suurehkoa m\u00e4r\u00e4\u00e4 tietoa, sit\u00e4 suodatetaan ja yhdistetaan muihin tietovarantoihin, kuten t\u00e4ss\u00e4 tapauksessa mm. suomen kuntajakoon, jotta n\u00e4m\u00e4 tapaukset saatiin kunnittain kartalle, siin\u00e4 on aina virheen mahdollisuus. Silloinkin, vaikka kuinka ajetaan l\u00e4pi tarkistuksia ja tehd\u00e4\u00e4n pistoja manuaalisesti.<\/p>\n<p>Virheellisest\u00e4 tiedosta p\u00e4\u00e4see parhaiten eroon kun ilmaisee sen mahdollisimman yksityiskohtaisesti. Mik\u00e4 virhe on, miss\u00e4 se esiintyy ja miten asian pit\u00e4isi olla, jotta se olisi oikein ja mist\u00e4 t\u00e4lle oikealle tiedolle l\u00f6ytyy luotettava l\u00e4hde josta sen voi tarkistaa mik\u00e4li on kyseess\u00e4 jotain muuta kuin laskuvirhe tms. Essonbaari ei kelpaa, ei my\u00f6sk\u00e4\u00e4n se, ett\u00e4 &#8221;kyll\u00e4 me t\u00e4\u00e4ll\u00e4 tiedet\u00e4\u00e4n kuinka asiat ovat&#8221;. Se, ett\u00e4\u00a0tieto ei miellyt\u00e4 tai sis\u00e4lt\u00e4\u00e4 vaan sen mit\u00e4 sen sanotaankin sis\u00e4lt\u00e4v\u00e4n, ei ole virhe. Se ei ole my\u00f6sk\u00e4\u00e4n propagandaa, terrorismia tai anarkismia. Se on yleens\u00e4 vain tietoa, joka ei aina tue lukijan tarkoitusper\u00e4\u00e4. Ymm\u00e4rett\u00e4v\u00e4\u00e4 toki on, ett\u00e4 silloin parta l\u00e4htee p\u00e4risem\u00e4\u00e4n ja lierit lepattamaan.<\/p>\n<p>Ihan yleist\u00e4 uteliaisuutta tyydytt\u00e4\u00e4kseni ajattelin viel\u00e4 listata t\u00e4h\u00e4n muutamia muita terrorin ja anarkismin muotoja, joiden harjoittamisessa &#8221;tampiola&#8221; on kunnostautunut. Kyll\u00e4 kyll\u00e4&#8230;rakkaalla lapsella on yleens\u00e4 monta nime\u00e4, edell\u00e4 mainittu on suostuin silloin kun en\u00e4\u00e4 mit\u00e4\u00e4n muuta sanottavaa ei ole&#8230;mutta siis asiaan.<\/p>\n<p>Tapiola on kahden toimintavuotensa aikana antanut kymmeni\u00e4 lausuntoja toimintasektorinsa eri osa-alueille. Laatinut lukuisia hallintovalituksia ja kantelun EU-komissioon. Laatinut moitteita ja aloitteita eri viranomaisille. Osallistunut paneeleihin, pit\u00e4nyt esitelmi\u00e4 ja antanut haastatteluita eri medioihin. J\u00e4rjest\u00e4nyt lapsille vanhempineen luontoretki\u00e4, rakentanut petoaitoja.<\/p>\n<p>N\u00e4m\u00e4k\u00e4\u00e4n eiv\u00e4t oikeastaan tarkemmin ajateltuna t\u00e4yt\u00e4 yleisesti ymm\u00e4rretyn terrorin tai anarkismin k\u00e4sitteit\u00e4. Ne ovat vain niit\u00e4 toimenpiteit\u00e4, joilla lain puitteissa vaikutetaan yhdistyksen mielest\u00e4 t\u00e4rkeisiin asioihin. Ne eiv\u00e4t muutu terrorismiksi tai anarkismiksi vain sen vuoksi, ett\u00e4 joku n\u00e4kee yhdistyksen t\u00e4rkein\u00e4 pit\u00e4m\u00e4t asiat toisin. Ei siin\u00e4k\u00e4\u00e4n tapauksessa vaikka n\u00e4ist\u00e4 termeist\u00e4 on tullutkin yhteiskunnallisessa kekustelussa ajoittain erimielisyyden synonyymeja tai ainakin niist\u00e4 kovasti pyrit\u00e4\u00e4n sellaista tekem\u00e4\u00e4n.<\/p>\n<figure id=\"attachment_1351\" aria-describedby=\"caption-attachment-1351\" style=\"width: 241px\" class=\"wp-caption alignright\"><a href=\"https:\/\/tapiolary.com\/wp-content\/uploads\/2016\/09\/screenshot.1473791002.jpg\"><img loading=\"lazy\" decoding=\"async\" class=\"wp-image-1351 size-medium\" src=\"https:\/\/tapiolary.com\/wp-content\/uploads\/2016\/09\/screenshot.1473791002-241x300.jpg\" alt=\"screenshot.1473791002\" width=\"241\" height=\"300\" srcset=\"https:\/\/tapiolary.com\/wp-content\/uploads\/2016\/09\/screenshot.1473791002-241x300.jpg 241w, https:\/\/tapiolary.com\/wp-content\/uploads\/2016\/09\/screenshot.1473791002.jpg 673w\" sizes=\"auto, (max-width: 241px) 100vw, 241px\" \/><\/a><figcaption id=\"caption-attachment-1351\" class=\"wp-caption-text\">L\u00e4hde: Sudenmets\u00e4stys vapaaksi, adressi 14.9 mukaan. Allekirjoittajat kunnittain.<\/figcaption><\/figure>\n<p>Ent\u00e4p\u00e4 sitten tunteettomuuus. Ei ymm\u00e4rret\u00e4 pienen tai suuremmankaan ihmisen h\u00e4t\u00e4\u00e4 ja ahdistusta. Ei, ei ainakaan silloin kun se on voimakkaasti liioiteltua yhteiskunnalliselta merkitykselt\u00e4\u00e4n. Tunnetilan voimakkuus voi toki yksil\u00f6tasolla olla suurestikin ahdistava. Jotta t\u00e4m\u00e4 henkinen puoli ei julkaisuissa j\u00e4isi t\u00e4ysin lapsipuolen asemaan, on t\u00e4ss\u00e4 ohessa nyt karttaesitys my\u00f6s henkisen ahdistuksen jakaumasta maan eri osiin. T\u00e4st\u00e4 ei valitettavasti ollut saatavissa ministeri\u00f6tason tietol\u00e4hdett\u00e4, joten jouduin turvautumaan t\u00e4m\u00e4n viimeisimm\u00e4n sudenmets\u00e4styst\u00e4 vaativan adressin allekirjoittajatilastoon muutaman p\u00e4iv\u00e4n takaa. T\u00e4m\u00e4n j\u00e4lkeen allekirjoituksia on tullut reilusti lis\u00e4\u00e4 ja ne luonnollisesti t\u00e4st\u00e4 esityksest\u00e4 puuttuvat. Huom! asia on mainittu. Toki siit\u00e4 silti voi tehd\u00e4 koko t\u00e4m\u00e4n julkaisun ydinkysymyksen. Btw&#8230;olen vilpitt\u00f6m\u00e4n pahoillani siit\u00e4, ett\u00e4 my\u00f6s t\u00e4m\u00e4 sattui olemaan sellainen tiedon osa-alue, mit\u00e4 valtion korvaamien susivahinkojen tilastopohjainen tarkastelu ei suoraan tarjonnut eteen. Ei tosin pit\u00e4nytk\u00e4\u00e4n.<\/p>\n<p>Alussa mainittu julkaisu on nyttemmin t\u00e4ydennetty samanlaisella katsauksella koskien my\u00f6s vuosia 2013 ja 2014. My\u00f6sk\u00e4\u00e4n n\u00e4m\u00e4 eiv\u00e4t tuo tukea ajatukselle, ett\u00e4 suden aiheuttamissa vahingoissa kysess\u00e4 olisi suuruusluokaltaan ongelma, jonka vaikutukset lamaavat joskeenkin kaikki yhteiskunnalliset toiminnot keh\u00e4 III ulkopuolelta. Todellisuudessa t\u00e4ll\u00e4 hetkell\u00e4 yhteiskunnassa torjutaan vuositasolla sadoilla tuhansilla ongelmaa, jonka suuruusluokka on joitakin kymmeni\u00e4 tuhansia. Joku viel\u00e4 kehtaa v\u00e4itt\u00e4\u00e4, ett\u00e4 yhteiskunta ei v\u00e4lit\u00e4. H\u00e4vetk\u00e4\u00e4!<\/p>\n<p>&#8230;ja totta on toki my\u00f6s se, ett\u00e4 taas se Iivonen vittuilee. Niin tekee, helvetin anarkistiterrosistipiiper\u00f6paska&#8230;ja&#8230;ja&#8230;ja&#8230; ja&#8230;<\/p>\n<p>Hyv\u00e4\u00e4 syksynjatkoa kuitenkin itse kullekin s\u00e4\u00e4dylle. Mik\u00e4\u00e4n maailmassa ei ole muuttunut \ud83d\ude42<\/p>\n<p>&#8212;<\/p>\n<p>Leena<\/p>\n","protected":false},"excerpt":{"rendered":"<p>Tapiolan nettisivulla julkaistiin 15.9 pieni katsaus vuoden 2015 suden aiheuttamiin vahinkoihin, jotka korvataan valtion varoista. Juttu l\u00e4hti kiert\u00e4m\u00e4\u00e4n sosiaalista mediaan niin kuin sen oli toki tarkoituskin. Ilmeist\u00e4 kuitenkin on, ett\u00e4 tietoa ei koettu mielekk\u00e4\u00e4ksi, koska siit\u00e4 ei mill\u00e4\u00e4n tavalla summaillen saa aikaiseksi miljoonavahinkoja. Jutun on pakko olla propagandaa. Siit\u00e4 puuttuu tapauksia, tieto on virheellist\u00e4, siit\u00e4 [&hellip;]<\/p>\n","protected":false},"author":3,"featured_media":0,"comment_status":"closed","ping_status":"open","sticky":false,"template":"","format":"standard","meta":{"ngg_post_thumbnail":0,"footnotes":""},"categories":[1],"tags":[],"class_list":["post-1350","post","type-post","status-publish","format-standard","hentry","category-uncategorized"],"_links":{"self":[{"href":"https:\/\/tapiolary.com\/index.php?rest_route=\/wp\/v2\/posts\/1350","targetHints":{"allow":["GET"]}}],"collection":[{"href":"https:\/\/tapiolary.com\/index.php?rest_route=\/wp\/v2\/posts"}],"about":[{"href":"https:\/\/tapiolary.com\/index.php?rest_route=\/wp\/v2\/types\/post"}],"author":[{"embeddable":true,"href":"https:\/\/tapiolary.com\/index.php?rest_route=\/wp\/v2\/users\/3"}],"replies":[{"embeddable":true,"href":"https:\/\/tapiolary.com\/index.php?rest_route=%2Fwp%2Fv2%2Fcomments&post=1350"}],"version-history":[{"count":4,"href":"https:\/\/tapiolary.com\/index.php?rest_route=\/wp\/v2\/posts\/1350\/revisions"}],"predecessor-version":[{"id":1355,"href":"https:\/\/tapiolary.com\/index.php?rest_route=\/wp\/v2\/posts\/1350\/revisions\/1355"}],"wp:attachment":[{"href":"https:\/\/tapiolary.com\/index.php?rest_route=%2Fwp%2Fv2%2Fmedia&parent=1350"}],"wp:term":[{"taxonomy":"category","embeddable":true,"href":"https:\/\/tapiolary.com\/index.php?rest_route=%2Fwp%2Fv2%2Fcategories&post=1350"},{"taxonomy":"post_tag","embeddable":true,"href":"https:\/\/tapiolary.com\/index.php?rest_route=%2Fwp%2Fv2%2Ftags&post=1350"}],"curies":[{"name":"wp","href":"https:\/\/api.w.org\/{rel}","templated":true}]}}